{"id":7093,"date":"2018-07-23T09:44:55","date_gmt":"2018-07-23T09:44:55","guid":{"rendered":"https:\/\/www.sprachschule-aktiv-wien.at\/?p=7093"},"modified":"2021-09-24T16:38:45","modified_gmt":"2021-09-24T16:38:45","slug":"lieben-und-liebhaben-ou-est-la-difference-apprendre-lallemand","status":"publish","type":"post","link":"https:\/\/www.sprachschule-aktiv-wien.at\/fr\/lieben-und-liebhaben-ou-est-la-difference-apprendre-lallemand\/","title":{"rendered":"Lieben und liebhaben : o\u00f9 est la diff\u00e9rence ? &#8211; apprendre l&#8217;allemand"},"content":{"rendered":"<h1>Lieben und liebhaben : quelle est la diff\u00e9rence ?<\/h1>\n<p>Il y a deux abbr\u00e9viations que vous revevez certainement sur votre portable par vos amis allemands : HDL et ILD. HDL signifie Hab Dich lieb et ILD signifie Ich liebe Dich.<\/p>\n<h2><strong>Mais quelle est la diff\u00e9rence ?<\/strong><\/h2>\n<p>Quand utilisez-vous \u00abliebhaben\u00bb et quand utilisez-vous \u00ablieben\u00bb? Il ne s&#8217;agit pas d&#8217;une analyse psychologique de \u00ab\u00a0lieben\u00a0\u00bb ou \u00ab\u00a0liebhaben\u00a0\u00bb. Ici, vous apprendrez pourquoi il y a deux expressions dans la langue allemande et comment\u00a0 les utiliser.<\/p>\n<p>lieben est le verbe. G\u00e9n\u00e9ralement, il est d\u00e9fini comme l&#8217;\u00e9tat \u00e9motionnel entre un \u00eatre humain et un autre \u00eatre humain \/ lieu \/ chose \/ animal. Il est bien\u00a0 entendu que la signification de l\u2019amour est claire dans chaque soci\u00e9t\u00e9 mais le mot aimer \u00ab\u00a0Lieben\u00a0\u00bb ne peut vraiment \u00a0\u00eatre d\u00e9fini \u00a0que subjectivement.<\/p>\n<h2><strong>Pour chaque personne, l&#8217;amour est une chose signifiante<\/strong><\/h2>\n<p>lieben: est un verbe:<\/p>\n<p>Ich liebe<\/p>\n<p>Du liebst<\/p>\n<p>Er\/Sie\/Es liebt<\/p>\n<p>Wir lieben<\/p>\n<p>Ihr liebt<\/p>\n<p>Sie lieben<\/p>\n<p>Avec cette expression, vous dites \u00e0 quel point la chose vous tient \u00e0 c\u0153ur. Il se peut aussi que vous d\u00e9criviez comment vous trouvez quelque chose.<\/p>\n<p>Ich liebe les cookies. Cela veux dire : je ne peux pas vivre sans.<\/p>\n<p>Ich liebe dich : vous \u00eates tr\u00e8s important pour moi.<\/p>\n<h2><strong>\u00abLiebhaben\u00bb : un verbe compos\u00e9<\/strong><\/h2>\n<p>Ici, \u00abLieben\u00bb devient un adjectif avec un verbe auxiliaire (verbe modal). La question serait alors, \u00abComment d\u00e9finiriez-vous vos sentiments envers moi ?\u00bb La r\u00e9ponse: &#8220;ich habe dich lieb&#8221;.<\/p>\n<p>Alternativement, je pourrais aussi dire \u00ab\u00a0ich habe dich gerne\u00a0\u00bb.<\/p>\n<p>Mais \u00abLiebhaben\u00bb et \u00ablieben\u00bb ne sont pas les m\u00eames.<\/p>\n<p>Vous connaissez les formes employ\u00e9es pour \u00e9tablir une comparaison ou une graduation dans la langue allemande \u00ab\u00a0Le comparatif et le superlatif\u00a0\u00bb. Maintenant, il y a aussi des termes qui sont utilis\u00e9s pour rendre les graduations claires sans avoir le m\u00eame son et le m\u00eame mot racine.<\/p>\n<p>Pas de confusion. C&#8217;est tr\u00e8s simple :<\/p>\n<p>En anglais, il y a la m\u00eame chose avec les mots enjoy &#8211; like &#8211; love. Il est vrai que la comparaison n\u00b4est pas tr\u00e8s forte, mais beaucoup d&#8217; am\u00e9ricains voient \u00ablike\u00bb plus fort que \u00ablove\u00bb .<\/p>\n<p>ici nous voyons clairement o\u00f9 la diff\u00e9rence de sens se situe entre \u00ablieben\u00bb et \u00abliebhaben\u00bb:<\/p>\n<p>If you enjoy something: vous appr\u00e9ciez quelque chose.<\/p>\n<p>If you like something: vous pensez ou sentez que c&#8217;est super.<\/p>\n<p>If you love something: vous ne pouvez pas imaginer vivre sans.<\/p>\n<p>Ceci s&#8217;applique aux humains et aux choses \/ lieux \/ animaux.<\/p>\n<h2><strong>Exemples en allemand:<\/strong><\/h2>\n<p>Ich mag Dich, weil ich Dich gut finde. Je t&#8217;aime parce que je te trouve tr\u00e8s bien.<\/p>\n<p>Ich habe Dich lieb, weil ich finde, dass Du klasse bist und Du bist mir wichtig. Je t&#8217;aime parce que je pense que tu es g\u00e9nial et que tu es important pour moi.<\/p>\n<p>Ich liebe Dich, weil ich finde, dass Du gro\u00dfartig bist und ich mir nicht vorstellen kann, ohne Dich zu sein. Je t&#8217;aime parce que je pense que tu es g\u00e9nial et je ne peux pas imaginer \u00eatre sans toi.<\/p>\n<h2><strong>Diff\u00e9rence dans la langage courante<\/strong><\/h2>\n<p>Aucune Personne ne dit en allemand. \u00a0Ich habe Wien lieb. Cela signifierait : \u00abIch liebe Wien\u00bb et cela, veux dire que je peux vivre sans Vienne.<\/p>\n<p>Mais vous pouvez dire : \u00abIch habe mein Kuscheltier lieb \u00bb Cela a du sens.<\/p>\n<p>Habituellement, les amis s&#8217;\u00e9crivent : Ich habe Dich lieb (kurz. hab\u00b4Dich lieb). Les gens qui ont une relation intime disent \u00abich liebe dich\u00bb .<\/p>\n<p>Il y a donc une graduation : M\u00f6gen &lt; lieb haben &lt; lieben.<\/p>\n","protected":false},"excerpt":{"rendered":"<p>Lieben und liebhaben : quelle est la diff\u00e9rence ? Il y a deux abbr\u00e9viations que vous revevez certainement sur votre portable par vos amis allemands : HDL et ILD. HDL signifie Hab Dich lieb et ILD signifie Ich liebe Dich. Mais quelle est la diff\u00e9rence ? Quand utilisez-vous \u00abliebhaben\u00bb et quand utilisez-vous \u00ablieben\u00bb? Il ne [&hellip;]<\/p>\n","protected":false},"author":7,"featured_media":9784,"comment_status":"closed","ping_status":"closed","sticky":false,"template":"","format":"standard","meta":{"footnotes":""},"categories":[41],"tags":[],"class_list":["post-7093","post","type-post","status-publish","format-standard","has-post-thumbnail","hentry","category-non-classifiee"],"yoast_head":"<!-- This site is optimized with the Yoast SEO plugin v27.1.1 - https:\/\/yoast.com\/product\/yoast-seo-wordpress\/ -->\n<title>Lieben und liebhaben : o\u00f9 est la diff\u00e9rence ?<\/title>\n<meta name=\"description\" content=\"Il y a deux raccourcis que vous connaissez certainement \u00e1 partir des messages re\u00e7us s\u00fbr ton portable de vos amis allemands: HDL et ILD.\" \/>\n<meta name=\"robots\" content=\"index, follow, max-snippet:-1, max-image-preview:large, max-video-preview:-1\" \/>\n<link rel=\"canonical\" href=\"https:\/\/www.sprachschule-aktiv-wien.at\/fr\/lieben-und-liebhaben-ou-est-la-difference-apprendre-lallemand\/\" \/>\n<meta property=\"og:locale\" content=\"fr_FR\" \/>\n<meta property=\"og:type\" content=\"article\" \/>\n<meta property=\"og:title\" content=\"Lieben und liebhaben : o\u00f9 est la diff\u00e9rence ?\" \/>\n<meta property=\"og:description\" content=\"Il y a deux raccourcis que vous connaissez certainement \u00e1 partir des messages re\u00e7us s\u00fbr ton portable de vos amis allemands: HDL et ILD.\" \/>\n<meta property=\"og:url\" content=\"https:\/\/www.sprachschule-aktiv-wien.at\/fr\/lieben-und-liebhaben-ou-est-la-difference-apprendre-lallemand\/\" \/>\n<meta property=\"og:site_name\" content=\"Sprachschule Aktiv Wien\" \/>\n<meta property=\"article:published_time\" content=\"2018-07-23T09:44:55+00:00\" \/>\n<meta property=\"article:modified_time\" content=\"2021-09-24T16:38:45+00:00\" \/>\n<meta property=\"og:image\" content=\"https:\/\/www.sprachschule-aktiv-wien.at\/wp-content\/uploads\/2018\/07\/lieben-und-liebhaben-ou-est-la-difference-apprendre-lallemand.jpg\" \/>\n\t<meta property=\"og:image:width\" content=\"1200\" \/>\n\t<meta property=\"og:image:height\" content=\"900\" \/>\n\t<meta property=\"og:image:type\" content=\"image\/jpeg\" \/>\n<meta name=\"author\" content=\"Blazena\" \/>\n<meta name=\"twitter:label1\" content=\"\u00c9crit par\" \/>\n\t<meta name=\"twitter:data1\" content=\"Blazena\" \/>\n\t<meta name=\"twitter:label2\" content=\"Dur\u00e9e de lecture estim\u00e9e\" \/>\n\t<meta name=\"twitter:data2\" content=\"3 minutes\" \/>\n<script type=\"application\/ld+json\" class=\"yoast-schema-graph\">{\"@context\":\"https:\/\/schema.org\",\"@graph\":[{\"@type\":\"Article\",\"@id\":\"https:\/\/www.sprachschule-aktiv-wien.at\/fr\/lieben-und-liebhaben-ou-est-la-difference-apprendre-lallemand\/#article\",\"isPartOf\":{\"@id\":\"https:\/\/www.sprachschule-aktiv-wien.at\/fr\/lieben-und-liebhaben-ou-est-la-difference-apprendre-lallemand\/\"},\"author\":{\"name\":\"Blazena\",\"@id\":\"https:\/\/www.sprachschule-aktiv-wien.at\/#\/schema\/person\/9b9525ae7338f5862f42703f9c3927d6\"},\"headline\":\"Lieben und liebhaben : o\u00f9 est la diff\u00e9rence ? &#8211; apprendre l&#8217;allemand\",\"datePublished\":\"2018-07-23T09:44:55+00:00\",\"dateModified\":\"2021-09-24T16:38:45+00:00\",\"mainEntityOfPage\":{\"@id\":\"https:\/\/www.sprachschule-aktiv-wien.at\/fr\/lieben-und-liebhaben-ou-est-la-difference-apprendre-lallemand\/\"},\"wordCount\":614,\"image\":{\"@id\":\"https:\/\/www.sprachschule-aktiv-wien.at\/fr\/lieben-und-liebhaben-ou-est-la-difference-apprendre-lallemand\/#primaryimage\"},\"thumbnailUrl\":\"https:\/\/www.sprachschule-aktiv-wien.at\/wp-content\/uploads\/2018\/07\/lieben-und-liebhaben-ou-est-la-difference-apprendre-lallemand.jpg\",\"articleSection\":[\"Non classifi\u00e9(e)\"],\"inLanguage\":\"fr-FR\"},{\"@type\":\"WebPage\",\"@id\":\"https:\/\/www.sprachschule-aktiv-wien.at\/fr\/lieben-und-liebhaben-ou-est-la-difference-apprendre-lallemand\/\",\"url\":\"https:\/\/www.sprachschule-aktiv-wien.at\/fr\/lieben-und-liebhaben-ou-est-la-difference-apprendre-lallemand\/\",\"name\":\"Lieben und liebhaben : o\u00f9 est la diff\u00e9rence ?\",\"isPartOf\":{\"@id\":\"https:\/\/www.sprachschule-aktiv-wien.at\/#website\"},\"primaryImageOfPage\":{\"@id\":\"https:\/\/www.sprachschule-aktiv-wien.at\/fr\/lieben-und-liebhaben-ou-est-la-difference-apprendre-lallemand\/#primaryimage\"},\"image\":{\"@id\":\"https:\/\/www.sprachschule-aktiv-wien.at\/fr\/lieben-und-liebhaben-ou-est-la-difference-apprendre-lallemand\/#primaryimage\"},\"thumbnailUrl\":\"https:\/\/www.sprachschule-aktiv-wien.at\/wp-content\/uploads\/2018\/07\/lieben-und-liebhaben-ou-est-la-difference-apprendre-lallemand.jpg\",\"datePublished\":\"2018-07-23T09:44:55+00:00\",\"dateModified\":\"2021-09-24T16:38:45+00:00\",\"author\":{\"@id\":\"https:\/\/www.sprachschule-aktiv-wien.at\/#\/schema\/person\/9b9525ae7338f5862f42703f9c3927d6\"},\"description\":\"Il y a deux raccourcis que vous connaissez certainement \u00e1 partir des messages re\u00e7us s\u00fbr ton portable de vos amis allemands: HDL et ILD.\",\"breadcrumb\":{\"@id\":\"https:\/\/www.sprachschule-aktiv-wien.at\/fr\/lieben-und-liebhaben-ou-est-la-difference-apprendre-lallemand\/#breadcrumb\"},\"inLanguage\":\"fr-FR\",\"potentialAction\":[{\"@type\":\"ReadAction\",\"target\":[\"https:\/\/www.sprachschule-aktiv-wien.at\/fr\/lieben-und-liebhaben-ou-est-la-difference-apprendre-lallemand\/\"]}]},{\"@type\":\"ImageObject\",\"inLanguage\":\"fr-FR\",\"@id\":\"https:\/\/www.sprachschule-aktiv-wien.at\/fr\/lieben-und-liebhaben-ou-est-la-difference-apprendre-lallemand\/#primaryimage\",\"url\":\"https:\/\/www.sprachschule-aktiv-wien.at\/wp-content\/uploads\/2018\/07\/lieben-und-liebhaben-ou-est-la-difference-apprendre-lallemand.jpg\",\"contentUrl\":\"https:\/\/www.sprachschule-aktiv-wien.at\/wp-content\/uploads\/2018\/07\/lieben-und-liebhaben-ou-est-la-difference-apprendre-lallemand.jpg\",\"width\":1200,\"height\":900,\"caption\":\"Lieben und liebhaben : o\u00f9 est la diff\u00e9rence ? - apprendre l'allemand\"},{\"@type\":\"BreadcrumbList\",\"@id\":\"https:\/\/www.sprachschule-aktiv-wien.at\/fr\/lieben-und-liebhaben-ou-est-la-difference-apprendre-lallemand\/#breadcrumb\",\"itemListElement\":[{\"@type\":\"ListItem\",\"position\":1,\"name\":\"Home\",\"item\":\"https:\/\/www.sprachschule-aktiv-wien.at\/fr\/\"},{\"@type\":\"ListItem\",\"position\":2,\"name\":\"Lieben und liebhaben : o\u00f9 est la diff\u00e9rence ? &#8211; apprendre l&#8217;allemand\"}]},{\"@type\":\"WebSite\",\"@id\":\"https:\/\/www.sprachschule-aktiv-wien.at\/#website\",\"url\":\"https:\/\/www.sprachschule-aktiv-wien.at\/\",\"name\":\"Sprachschule Aktiv Wien\",\"description\":\"\",\"potentialAction\":[{\"@type\":\"SearchAction\",\"target\":{\"@type\":\"EntryPoint\",\"urlTemplate\":\"https:\/\/www.sprachschule-aktiv-wien.at\/?s={search_term_string}\"},\"query-input\":{\"@type\":\"PropertyValueSpecification\",\"valueRequired\":true,\"valueName\":\"search_term_string\"}}],\"inLanguage\":\"fr-FR\"},{\"@type\":\"Person\",\"@id\":\"https:\/\/www.sprachschule-aktiv-wien.at\/#\/schema\/person\/9b9525ae7338f5862f42703f9c3927d6\",\"name\":\"Blazena\",\"image\":{\"@type\":\"ImageObject\",\"inLanguage\":\"fr-FR\",\"@id\":\"https:\/\/www.sprachschule-aktiv-wien.at\/#\/schema\/person\/image\/\",\"url\":\"https:\/\/secure.gravatar.com\/avatar\/6d8e2d8749aa12c0bce3e0c38ae7851e2f018129ac9e9c3d33ac7bf35aecf7ef?s=96&d=mm&r=g\",\"contentUrl\":\"https:\/\/secure.gravatar.com\/avatar\/6d8e2d8749aa12c0bce3e0c38ae7851e2f018129ac9e9c3d33ac7bf35aecf7ef?s=96&d=mm&r=g\",\"caption\":\"Blazena\"}}]}<\/script>\n<!-- \/ Yoast SEO plugin. -->","yoast_head_json":{"title":"Lieben und liebhaben : o\u00f9 est la diff\u00e9rence ?","description":"Il y a deux raccourcis que vous connaissez certainement \u00e1 partir des messages re\u00e7us s\u00fbr ton portable de vos amis allemands: HDL et ILD.","robots":{"index":"index","follow":"follow","max-snippet":"max-snippet:-1","max-image-preview":"max-image-preview:large","max-video-preview":"max-video-preview:-1"},"canonical":"https:\/\/www.sprachschule-aktiv-wien.at\/fr\/lieben-und-liebhaben-ou-est-la-difference-apprendre-lallemand\/","og_locale":"fr_FR","og_type":"article","og_title":"Lieben und liebhaben : o\u00f9 est la diff\u00e9rence ?","og_description":"Il y a deux raccourcis que vous connaissez certainement \u00e1 partir des messages re\u00e7us s\u00fbr ton portable de vos amis allemands: HDL et ILD.","og_url":"https:\/\/www.sprachschule-aktiv-wien.at\/fr\/lieben-und-liebhaben-ou-est-la-difference-apprendre-lallemand\/","og_site_name":"Sprachschule Aktiv Wien","article_published_time":"2018-07-23T09:44:55+00:00","article_modified_time":"2021-09-24T16:38:45+00:00","og_image":[{"width":1200,"height":900,"url":"https:\/\/www.sprachschule-aktiv-wien.at\/wp-content\/uploads\/2018\/07\/lieben-und-liebhaben-ou-est-la-difference-apprendre-lallemand.jpg","type":"image\/jpeg"}],"author":"Blazena","twitter_misc":{"\u00c9crit par":"Blazena","Dur\u00e9e de lecture estim\u00e9e":"3 minutes"},"schema":{"@context":"https:\/\/schema.org","@graph":[{"@type":"Article","@id":"https:\/\/www.sprachschule-aktiv-wien.at\/fr\/lieben-und-liebhaben-ou-est-la-difference-apprendre-lallemand\/#article","isPartOf":{"@id":"https:\/\/www.sprachschule-aktiv-wien.at\/fr\/lieben-und-liebhaben-ou-est-la-difference-apprendre-lallemand\/"},"author":{"name":"Blazena","@id":"https:\/\/www.sprachschule-aktiv-wien.at\/#\/schema\/person\/9b9525ae7338f5862f42703f9c3927d6"},"headline":"Lieben und liebhaben : o\u00f9 est la diff\u00e9rence ? &#8211; apprendre l&#8217;allemand","datePublished":"2018-07-23T09:44:55+00:00","dateModified":"2021-09-24T16:38:45+00:00","mainEntityOfPage":{"@id":"https:\/\/www.sprachschule-aktiv-wien.at\/fr\/lieben-und-liebhaben-ou-est-la-difference-apprendre-lallemand\/"},"wordCount":614,"image":{"@id":"https:\/\/www.sprachschule-aktiv-wien.at\/fr\/lieben-und-liebhaben-ou-est-la-difference-apprendre-lallemand\/#primaryimage"},"thumbnailUrl":"https:\/\/www.sprachschule-aktiv-wien.at\/wp-content\/uploads\/2018\/07\/lieben-und-liebhaben-ou-est-la-difference-apprendre-lallemand.jpg","articleSection":["Non classifi\u00e9(e)"],"inLanguage":"fr-FR"},{"@type":"WebPage","@id":"https:\/\/www.sprachschule-aktiv-wien.at\/fr\/lieben-und-liebhaben-ou-est-la-difference-apprendre-lallemand\/","url":"https:\/\/www.sprachschule-aktiv-wien.at\/fr\/lieben-und-liebhaben-ou-est-la-difference-apprendre-lallemand\/","name":"Lieben und liebhaben : o\u00f9 est la diff\u00e9rence ?","isPartOf":{"@id":"https:\/\/www.sprachschule-aktiv-wien.at\/#website"},"primaryImageOfPage":{"@id":"https:\/\/www.sprachschule-aktiv-wien.at\/fr\/lieben-und-liebhaben-ou-est-la-difference-apprendre-lallemand\/#primaryimage"},"image":{"@id":"https:\/\/www.sprachschule-aktiv-wien.at\/fr\/lieben-und-liebhaben-ou-est-la-difference-apprendre-lallemand\/#primaryimage"},"thumbnailUrl":"https:\/\/www.sprachschule-aktiv-wien.at\/wp-content\/uploads\/2018\/07\/lieben-und-liebhaben-ou-est-la-difference-apprendre-lallemand.jpg","datePublished":"2018-07-23T09:44:55+00:00","dateModified":"2021-09-24T16:38:45+00:00","author":{"@id":"https:\/\/www.sprachschule-aktiv-wien.at\/#\/schema\/person\/9b9525ae7338f5862f42703f9c3927d6"},"description":"Il y a deux raccourcis que vous connaissez certainement \u00e1 partir des messages re\u00e7us s\u00fbr ton portable de vos amis allemands: HDL et ILD.","breadcrumb":{"@id":"https:\/\/www.sprachschule-aktiv-wien.at\/fr\/lieben-und-liebhaben-ou-est-la-difference-apprendre-lallemand\/#breadcrumb"},"inLanguage":"fr-FR","potentialAction":[{"@type":"ReadAction","target":["https:\/\/www.sprachschule-aktiv-wien.at\/fr\/lieben-und-liebhaben-ou-est-la-difference-apprendre-lallemand\/"]}]},{"@type":"ImageObject","inLanguage":"fr-FR","@id":"https:\/\/www.sprachschule-aktiv-wien.at\/fr\/lieben-und-liebhaben-ou-est-la-difference-apprendre-lallemand\/#primaryimage","url":"https:\/\/www.sprachschule-aktiv-wien.at\/wp-content\/uploads\/2018\/07\/lieben-und-liebhaben-ou-est-la-difference-apprendre-lallemand.jpg","contentUrl":"https:\/\/www.sprachschule-aktiv-wien.at\/wp-content\/uploads\/2018\/07\/lieben-und-liebhaben-ou-est-la-difference-apprendre-lallemand.jpg","width":1200,"height":900,"caption":"Lieben und liebhaben : o\u00f9 est la diff\u00e9rence ? - apprendre l'allemand"},{"@type":"BreadcrumbList","@id":"https:\/\/www.sprachschule-aktiv-wien.at\/fr\/lieben-und-liebhaben-ou-est-la-difference-apprendre-lallemand\/#breadcrumb","itemListElement":[{"@type":"ListItem","position":1,"name":"Home","item":"https:\/\/www.sprachschule-aktiv-wien.at\/fr\/"},{"@type":"ListItem","position":2,"name":"Lieben und liebhaben : o\u00f9 est la diff\u00e9rence ? &#8211; apprendre l&#8217;allemand"}]},{"@type":"WebSite","@id":"https:\/\/www.sprachschule-aktiv-wien.at\/#website","url":"https:\/\/www.sprachschule-aktiv-wien.at\/","name":"Sprachschule Aktiv Wien","description":"","potentialAction":[{"@type":"SearchAction","target":{"@type":"EntryPoint","urlTemplate":"https:\/\/www.sprachschule-aktiv-wien.at\/?s={search_term_string}"},"query-input":{"@type":"PropertyValueSpecification","valueRequired":true,"valueName":"search_term_string"}}],"inLanguage":"fr-FR"},{"@type":"Person","@id":"https:\/\/www.sprachschule-aktiv-wien.at\/#\/schema\/person\/9b9525ae7338f5862f42703f9c3927d6","name":"Blazena","image":{"@type":"ImageObject","inLanguage":"fr-FR","@id":"https:\/\/www.sprachschule-aktiv-wien.at\/#\/schema\/person\/image\/","url":"https:\/\/secure.gravatar.com\/avatar\/6d8e2d8749aa12c0bce3e0c38ae7851e2f018129ac9e9c3d33ac7bf35aecf7ef?s=96&d=mm&r=g","contentUrl":"https:\/\/secure.gravatar.com\/avatar\/6d8e2d8749aa12c0bce3e0c38ae7851e2f018129ac9e9c3d33ac7bf35aecf7ef?s=96&d=mm&r=g","caption":"Blazena"}}]}},"_links":{"self":[{"href":"https:\/\/www.sprachschule-aktiv-wien.at\/fr\/wp-json\/wp\/v2\/posts\/7093","targetHints":{"allow":["GET"]}}],"collection":[{"href":"https:\/\/www.sprachschule-aktiv-wien.at\/fr\/wp-json\/wp\/v2\/posts"}],"about":[{"href":"https:\/\/www.sprachschule-aktiv-wien.at\/fr\/wp-json\/wp\/v2\/types\/post"}],"author":[{"embeddable":true,"href":"https:\/\/www.sprachschule-aktiv-wien.at\/fr\/wp-json\/wp\/v2\/users\/7"}],"replies":[{"embeddable":true,"href":"https:\/\/www.sprachschule-aktiv-wien.at\/fr\/wp-json\/wp\/v2\/comments?post=7093"}],"version-history":[{"count":13,"href":"https:\/\/www.sprachschule-aktiv-wien.at\/fr\/wp-json\/wp\/v2\/posts\/7093\/revisions"}],"predecessor-version":[{"id":18795,"href":"https:\/\/www.sprachschule-aktiv-wien.at\/fr\/wp-json\/wp\/v2\/posts\/7093\/revisions\/18795"}],"wp:featuredmedia":[{"embeddable":true,"href":"https:\/\/www.sprachschule-aktiv-wien.at\/fr\/wp-json\/wp\/v2\/media\/9784"}],"wp:attachment":[{"href":"https:\/\/www.sprachschule-aktiv-wien.at\/fr\/wp-json\/wp\/v2\/media?parent=7093"}],"wp:term":[{"taxonomy":"category","embeddable":true,"href":"https:\/\/www.sprachschule-aktiv-wien.at\/fr\/wp-json\/wp\/v2\/categories?post=7093"},{"taxonomy":"post_tag","embeddable":true,"href":"https:\/\/www.sprachschule-aktiv-wien.at\/fr\/wp-json\/wp\/v2\/tags?post=7093"}],"curies":[{"name":"wp","href":"https:\/\/api.w.org\/{rel}","templated":true}]}}