{"id":7053,"date":"2018-07-19T05:35:10","date_gmt":"2018-07-19T05:35:10","guid":{"rendered":"https:\/\/www.sprachschule-aktiv-wien.at\/?p=7053"},"modified":"2019-01-21T16:48:53","modified_gmt":"2019-01-21T16:48:53","slug":"le-prefixe-allemand-ent-et-ses-differentes-utilisations","status":"publish","type":"post","link":"https:\/\/www.sprachschule-aktiv-wien.at\/fr\/le-prefixe-allemand-ent-et-ses-differentes-utilisations\/","title":{"rendered":"Le pr\u00e9fixe allemand &#8220;ent&#8221; et ses diff\u00e9rentes utilisations"},"content":{"rendered":"<h1>Le pr\u00e9fixe allemand &#8220;ent&#8221; et ses diff\u00e9rentes utilisations<\/h1>\n<p>Les trois petites lettres &#8220;ent&#8221; peuvent compl\u00e8tement changer la signification d&#8217;un verbe. Cependant, il a des significations diff\u00e9rentes et peut \u00eatre utilis\u00e9 de plusieurs fa\u00e7ons.<\/p>\n<h2><strong>Utilis\u00e9 pour annuler quelque chose<\/strong><\/h2>\n<p>Vous mettez le pr\u00e9fixe &#8220;ent&#8221; devant un verbe pour exprimer que vous voulez ramener quelque chose \u00e0 son \u00e9tat original. Par exemple, vous pouvez utiliser\u00a0 \u00abentproblematisieren\u00bb pour vous d\u00e9barrasser d&#8217;un probl\u00e8me ou\u00a0 \u00abentm\u00fctigen\u00bb pour prendre le courage de quelqu&#8217;un. Voici un exemple : &#8220;Il n&#8217;est pas d\u00e9courag\u00e9 par son professeur et croit toujours en lui-m\u00eame.&#8221; \u00aber ist nicht von seinem Lehrer entm\u00fctigt\u00a0 und glaubt weiterhin an sich selbst \u00bb<\/p>\n<h2><strong>Utilis\u00e9 pour exprimer le d\u00e9but de quelque chose<\/strong><\/h2>\n<p>Le pr\u00e9fixe &#8220;ent&#8221; peut aussi exprimer exactement le contraire de la signification qui vient d&#8217;\u00eatre d\u00e9crite. Exemple:\u201c Wenn ein Feuer beginnt zu brennen, dann wird es \u201centz\u00fcndet\u201d (entz\u00fcnden) oder man \u201centbrennt\u201d (entbrennen) es\u201c-Quand un feu commence \u00e0 br\u00fbler, il va &#8220;s&#8217;enflammer&#8221; \u00a0ou &#8220;br\u00fbler&#8221; \u00ab entbrennen \u00bb . Quand une nouvelle situation na\u00eet, on utilise le mot &#8220;entsteht&#8221; . Un exemple : \u201cBei der Geburt entsteht ein neues Leben.\u201d- &#8220;A la naissance, une nouvelle vie est n\u00e9e.&#8221;<\/p>\n<h2><strong>Utilis\u00e9 pour d\u00e9finir le contraire d\u00b4un verbe<\/strong><\/h2>\n<p>Il y a beaucoup de verbes qui ont le pr\u00e9fixe &#8220;ver&#8221; ou &#8220;be&#8221; au d\u00e9but. Le contraire de ces verbes peut \u00eatre form\u00e9 lorqu\u00b4on ajoute \u201eent\u201c au d\u00e9but de mot.<\/p>\n<p>Exemples: &#8220;Wenn ich meine Kleidung anziehe, <strong>be<\/strong>kleide ich mich&#8221;\u00a0 &#8211; \u00ab Wenn ich meine Kleidung ausziehe, <strong>ent<\/strong>kleide ich mich \u00bb (entkleiden) &#8220;Quand j&#8217;enl\u00e8ve mes v\u00eatements, je me d\u00e9shabille &#8221; (D\u00e9shabiller) \u00ab Bei \u00dcberlastung kann sich ein Muskel <strong>ver<\/strong>krampfen \u00bb \u00ab Nach einiger Zeit <strong>ent<\/strong>kramft er sich wieder \u00bb<\/p>\n<p>Autres exemples : <strong>ver<\/strong>zaubern \u2013 <strong>ent<\/strong>zaubern; <strong>be<\/strong>waffnen \u2013 <strong>ent<\/strong>waffnen . Cependant, on peut aussi exprimer un oppos\u00e9 de quelque chose qui n&#8217;a pas le pr\u00e9fixe &#8220;ver&#8221; ou &#8220;be&#8221; . Un exemple: \u201cIch warne dich, hier k\u00f6nnte ein Wolf sein.\u201d &#8220;Je vous pr\u00e9viens, il pourrait y avoir un loup ici.&#8221; -\u201cIch kann dich entwarnen, es ist keiner hier.\u201d (warnen \u2013 entwarnen) &#8220;Je peux vous rassurer, il n&#8217;y a personne ici.&#8221; \u201cDu musst die Waffe sichern, um nicht zu schie\u00dfen.\u201d &#8220;Vous devez s\u00e9curiser l&#8217;arme pour ne pas tirer.&#8221; &#8211; M\u00f6chtest du einen Schuss ausl\u00f6sen, musst die Waffe entsichern.\u201d (sichern \u2013 entsichern). &#8220;Si vous voulez tirer , vous devez d\u00e9verrouiller l&#8217;arme.&#8221;<\/p>\n<h2><strong>Utilis\u00e9 pour exprimer un d\u00e9part ou un retrait<\/strong><\/h2>\n<p>Si vous voulez vous \u00e9loigner de quelque chose , vous pouvez utiliser les mots \u201centeilen\u201d, \u201centfliehen\u201d und \u201centrei\u00dfen\u201d \u00abs\u00b4\u00e9loigner\u00bb, \u00ab\u00e9chapper\u00bb et \u00abarracher\u00bb.<\/p>\n<p>Par expemle :\u00ab Sie hat es hier nicht mehr ausgehalten und enteilte nach M\u00fcnchen. \u00bb \u00ab Elle ne pouvait plus le supporter ici , elle s\u00b4\u00e9loignait \u00e0 Munich.&#8221;<\/p>\n<p>\u201cEr ist nicht mehr in seinem Zimmer. Er konnte entfliehen.\u201d &#8220;Il n&#8217;est plus dans sa chambre. Il pourrait s&#8217;\u00e9chapper. &#8221; \u201cIch habe ihn festgehalten, doch er konnte sich mir entrei\u00dfen.\u201d&#8221;Je l&#8217;ai retenu, mais il a r\u00e9ussi \u00e0 s&#8217;arracher.&#8221;<\/p>\n<p>Dans ce contexte, vous pouvez \u00e9galement supprimer des choses. Si vous voulez manger un melon, vous devez d&#8217;abord le\u00a0 \u201centkernen\u201d, c&#8217;est-\u00e0-dire, enlever toutes les graines. Si vous voulez balayer la poussi\u00e8re de la chemin\u00e9e, alors\u00a0 Wenn Sie den Staub vom Kamin fegen wollen, dann \u201centru\u00dfen\u201d Sie ihn.\u201centru\u00dfen\u201d.<\/p>\n<h2><strong>Utilis\u00e9 pour la r\u00e9alisation de quelque chose<\/strong><\/h2>\n<p>Ici on utilise un adjectif qui d\u00e9crit un certain \u00e9tat et on met le pr\u00e9fixe &#8220;ent-&#8221; ainsi que la syllabe\u00a0 &#8220;-en&#8221; \u00e0 la fin du mot. Par exemple, si vous voulez dire que vous avez vid\u00e9 une bo\u00eete , vous formerez le verbe \u201centleeren\u201d&#8221;vider&#8221;.<\/p>\n<p>Resum\u00e9: ent + adjectif + en\u00a0 &#8211; Exemple: ent + fremd+ en = \u00abentfremden \u00bb.\u201c Lassen Sie sich nicht \u201centmutigen\u201d und bleiben Sie am Ball! \u00bb \u00ab Ne vous d\u00e9couragez pas et accrochez-vous! \u00bb.<\/p>\n","protected":false},"excerpt":{"rendered":"<p>Le pr\u00e9fixe allemand &#8220;ent&#8221; et ses diff\u00e9rentes utilisations Les trois petites lettres &#8220;ent&#8221; peuvent compl\u00e8tement changer la signification d&#8217;un verbe. Cependant, il a des significations diff\u00e9rentes et peut \u00eatre utilis\u00e9 de plusieurs fa\u00e7ons. Utilis\u00e9 pour annuler quelque chose Vous mettez le pr\u00e9fixe &#8220;ent&#8221; devant un verbe pour exprimer que vous voulez ramener quelque chose \u00e0 [&hellip;]<\/p>\n","protected":false},"author":7,"featured_media":9740,"comment_status":"open","ping_status":"open","sticky":false,"template":"","format":"standard","meta":{"footnotes":""},"categories":[41],"tags":[],"class_list":["post-7053","post","type-post","status-publish","format-standard","has-post-thumbnail","hentry","category-non-classifiee"],"yoast_head":"<!-- This site is optimized with the Yoast SEO plugin v27.1.1 - https:\/\/yoast.com\/product\/yoast-seo-wordpress\/ -->\n<title>Le pr\u00e9fixe allemand &quot;ent&quot; et ses diff\u00e9rentes utilisations<\/title>\n<meta name=\"description\" content=\"Les trois petites lettres &quot;ent&quot; peuvent compl\u00e8tement changer la signification d&#039;un verbe. Cependant, il a des significations diff\u00e9rentes.\" \/>\n<meta name=\"robots\" content=\"index, follow, max-snippet:-1, max-image-preview:large, max-video-preview:-1\" \/>\n<link rel=\"canonical\" href=\"https:\/\/www.sprachschule-aktiv-wien.at\/fr\/le-prefixe-allemand-ent-et-ses-differentes-utilisations\/\" \/>\n<meta property=\"og:locale\" content=\"fr_FR\" \/>\n<meta property=\"og:type\" content=\"article\" \/>\n<meta property=\"og:title\" content=\"Le pr\u00e9fixe allemand &quot;ent&quot; et ses diff\u00e9rentes utilisations\" \/>\n<meta property=\"og:description\" content=\"Les trois petites lettres &quot;ent&quot; peuvent compl\u00e8tement changer la signification d&#039;un verbe. Cependant, il a des significations diff\u00e9rentes.\" \/>\n<meta property=\"og:url\" content=\"https:\/\/www.sprachschule-aktiv-wien.at\/fr\/le-prefixe-allemand-ent-et-ses-differentes-utilisations\/\" \/>\n<meta property=\"og:site_name\" content=\"Sprachschule Aktiv Wien\" \/>\n<meta property=\"article:published_time\" content=\"2018-07-19T05:35:10+00:00\" \/>\n<meta property=\"article:modified_time\" content=\"2019-01-21T16:48:53+00:00\" \/>\n<meta property=\"og:image\" content=\"https:\/\/www.sprachschule-aktiv-wien.at\/wp-content\/uploads\/2018\/07\/le-prefixe-allemand-ent-et-ses-differentes-utilisations.jpg\" \/>\n\t<meta property=\"og:image:width\" content=\"900\" \/>\n\t<meta property=\"og:image:height\" content=\"675\" \/>\n\t<meta property=\"og:image:type\" content=\"image\/jpeg\" \/>\n<meta name=\"author\" content=\"Blazena\" \/>\n<meta name=\"twitter:label1\" content=\"\u00c9crit par\" \/>\n\t<meta name=\"twitter:data1\" content=\"Blazena\" \/>\n\t<meta name=\"twitter:label2\" content=\"Dur\u00e9e de lecture estim\u00e9e\" \/>\n\t<meta name=\"twitter:data2\" content=\"3 minutes\" \/>\n<script type=\"application\/ld+json\" class=\"yoast-schema-graph\">{\"@context\":\"https:\/\/schema.org\",\"@graph\":[{\"@type\":\"Article\",\"@id\":\"https:\/\/www.sprachschule-aktiv-wien.at\/fr\/le-prefixe-allemand-ent-et-ses-differentes-utilisations\/#article\",\"isPartOf\":{\"@id\":\"https:\/\/www.sprachschule-aktiv-wien.at\/fr\/le-prefixe-allemand-ent-et-ses-differentes-utilisations\/\"},\"author\":{\"name\":\"Blazena\",\"@id\":\"https:\/\/www.sprachschule-aktiv-wien.at\/#\/schema\/person\/9b9525ae7338f5862f42703f9c3927d6\"},\"headline\":\"Le pr\u00e9fixe allemand &#8220;ent&#8221; et ses diff\u00e9rentes utilisations\",\"datePublished\":\"2018-07-19T05:35:10+00:00\",\"dateModified\":\"2019-01-21T16:48:53+00:00\",\"mainEntityOfPage\":{\"@id\":\"https:\/\/www.sprachschule-aktiv-wien.at\/fr\/le-prefixe-allemand-ent-et-ses-differentes-utilisations\/\"},\"wordCount\":659,\"commentCount\":0,\"image\":{\"@id\":\"https:\/\/www.sprachschule-aktiv-wien.at\/fr\/le-prefixe-allemand-ent-et-ses-differentes-utilisations\/#primaryimage\"},\"thumbnailUrl\":\"https:\/\/www.sprachschule-aktiv-wien.at\/wp-content\/uploads\/2018\/07\/le-prefixe-allemand-ent-et-ses-differentes-utilisations.jpg\",\"articleSection\":[\"Non classifi\u00e9(e)\"],\"inLanguage\":\"fr-FR\"},{\"@type\":\"WebPage\",\"@id\":\"https:\/\/www.sprachschule-aktiv-wien.at\/fr\/le-prefixe-allemand-ent-et-ses-differentes-utilisations\/\",\"url\":\"https:\/\/www.sprachschule-aktiv-wien.at\/fr\/le-prefixe-allemand-ent-et-ses-differentes-utilisations\/\",\"name\":\"Le pr\u00e9fixe allemand \\\"ent\\\" et ses diff\u00e9rentes utilisations\",\"isPartOf\":{\"@id\":\"https:\/\/www.sprachschule-aktiv-wien.at\/#website\"},\"primaryImageOfPage\":{\"@id\":\"https:\/\/www.sprachschule-aktiv-wien.at\/fr\/le-prefixe-allemand-ent-et-ses-differentes-utilisations\/#primaryimage\"},\"image\":{\"@id\":\"https:\/\/www.sprachschule-aktiv-wien.at\/fr\/le-prefixe-allemand-ent-et-ses-differentes-utilisations\/#primaryimage\"},\"thumbnailUrl\":\"https:\/\/www.sprachschule-aktiv-wien.at\/wp-content\/uploads\/2018\/07\/le-prefixe-allemand-ent-et-ses-differentes-utilisations.jpg\",\"datePublished\":\"2018-07-19T05:35:10+00:00\",\"dateModified\":\"2019-01-21T16:48:53+00:00\",\"author\":{\"@id\":\"https:\/\/www.sprachschule-aktiv-wien.at\/#\/schema\/person\/9b9525ae7338f5862f42703f9c3927d6\"},\"description\":\"Les trois petites lettres \\\"ent\\\" peuvent compl\u00e8tement changer la signification d'un verbe. Cependant, il a des significations diff\u00e9rentes.\",\"breadcrumb\":{\"@id\":\"https:\/\/www.sprachschule-aktiv-wien.at\/fr\/le-prefixe-allemand-ent-et-ses-differentes-utilisations\/#breadcrumb\"},\"inLanguage\":\"fr-FR\",\"potentialAction\":[{\"@type\":\"ReadAction\",\"target\":[\"https:\/\/www.sprachschule-aktiv-wien.at\/fr\/le-prefixe-allemand-ent-et-ses-differentes-utilisations\/\"]}]},{\"@type\":\"ImageObject\",\"inLanguage\":\"fr-FR\",\"@id\":\"https:\/\/www.sprachschule-aktiv-wien.at\/fr\/le-prefixe-allemand-ent-et-ses-differentes-utilisations\/#primaryimage\",\"url\":\"https:\/\/www.sprachschule-aktiv-wien.at\/wp-content\/uploads\/2018\/07\/le-prefixe-allemand-ent-et-ses-differentes-utilisations.jpg\",\"contentUrl\":\"https:\/\/www.sprachschule-aktiv-wien.at\/wp-content\/uploads\/2018\/07\/le-prefixe-allemand-ent-et-ses-differentes-utilisations.jpg\",\"width\":900,\"height\":675,\"caption\":\"Le pr\u00e9fixe allemand \\\"ent\\\" et ses diff\u00e9rentes utilisations\"},{\"@type\":\"BreadcrumbList\",\"@id\":\"https:\/\/www.sprachschule-aktiv-wien.at\/fr\/le-prefixe-allemand-ent-et-ses-differentes-utilisations\/#breadcrumb\",\"itemListElement\":[{\"@type\":\"ListItem\",\"position\":1,\"name\":\"Home\",\"item\":\"https:\/\/www.sprachschule-aktiv-wien.at\/fr\/\"},{\"@type\":\"ListItem\",\"position\":2,\"name\":\"Le pr\u00e9fixe allemand &#8220;ent&#8221; et ses diff\u00e9rentes utilisations\"}]},{\"@type\":\"WebSite\",\"@id\":\"https:\/\/www.sprachschule-aktiv-wien.at\/#website\",\"url\":\"https:\/\/www.sprachschule-aktiv-wien.at\/\",\"name\":\"Sprachschule Aktiv Wien\",\"description\":\"\",\"potentialAction\":[{\"@type\":\"SearchAction\",\"target\":{\"@type\":\"EntryPoint\",\"urlTemplate\":\"https:\/\/www.sprachschule-aktiv-wien.at\/?s={search_term_string}\"},\"query-input\":{\"@type\":\"PropertyValueSpecification\",\"valueRequired\":true,\"valueName\":\"search_term_string\"}}],\"inLanguage\":\"fr-FR\"},{\"@type\":\"Person\",\"@id\":\"https:\/\/www.sprachschule-aktiv-wien.at\/#\/schema\/person\/9b9525ae7338f5862f42703f9c3927d6\",\"name\":\"Blazena\",\"image\":{\"@type\":\"ImageObject\",\"inLanguage\":\"fr-FR\",\"@id\":\"https:\/\/www.sprachschule-aktiv-wien.at\/#\/schema\/person\/image\/\",\"url\":\"https:\/\/secure.gravatar.com\/avatar\/6d8e2d8749aa12c0bce3e0c38ae7851e2f018129ac9e9c3d33ac7bf35aecf7ef?s=96&d=mm&r=g\",\"contentUrl\":\"https:\/\/secure.gravatar.com\/avatar\/6d8e2d8749aa12c0bce3e0c38ae7851e2f018129ac9e9c3d33ac7bf35aecf7ef?s=96&d=mm&r=g\",\"caption\":\"Blazena\"}}]}<\/script>\n<!-- \/ Yoast SEO plugin. -->","yoast_head_json":{"title":"Le pr\u00e9fixe allemand \"ent\" et ses diff\u00e9rentes utilisations","description":"Les trois petites lettres \"ent\" peuvent compl\u00e8tement changer la signification d'un verbe. Cependant, il a des significations diff\u00e9rentes.","robots":{"index":"index","follow":"follow","max-snippet":"max-snippet:-1","max-image-preview":"max-image-preview:large","max-video-preview":"max-video-preview:-1"},"canonical":"https:\/\/www.sprachschule-aktiv-wien.at\/fr\/le-prefixe-allemand-ent-et-ses-differentes-utilisations\/","og_locale":"fr_FR","og_type":"article","og_title":"Le pr\u00e9fixe allemand \"ent\" et ses diff\u00e9rentes utilisations","og_description":"Les trois petites lettres \"ent\" peuvent compl\u00e8tement changer la signification d'un verbe. Cependant, il a des significations diff\u00e9rentes.","og_url":"https:\/\/www.sprachschule-aktiv-wien.at\/fr\/le-prefixe-allemand-ent-et-ses-differentes-utilisations\/","og_site_name":"Sprachschule Aktiv Wien","article_published_time":"2018-07-19T05:35:10+00:00","article_modified_time":"2019-01-21T16:48:53+00:00","og_image":[{"width":900,"height":675,"url":"https:\/\/www.sprachschule-aktiv-wien.at\/wp-content\/uploads\/2018\/07\/le-prefixe-allemand-ent-et-ses-differentes-utilisations.jpg","type":"image\/jpeg"}],"author":"Blazena","twitter_misc":{"\u00c9crit par":"Blazena","Dur\u00e9e de lecture estim\u00e9e":"3 minutes"},"schema":{"@context":"https:\/\/schema.org","@graph":[{"@type":"Article","@id":"https:\/\/www.sprachschule-aktiv-wien.at\/fr\/le-prefixe-allemand-ent-et-ses-differentes-utilisations\/#article","isPartOf":{"@id":"https:\/\/www.sprachschule-aktiv-wien.at\/fr\/le-prefixe-allemand-ent-et-ses-differentes-utilisations\/"},"author":{"name":"Blazena","@id":"https:\/\/www.sprachschule-aktiv-wien.at\/#\/schema\/person\/9b9525ae7338f5862f42703f9c3927d6"},"headline":"Le pr\u00e9fixe allemand &#8220;ent&#8221; et ses diff\u00e9rentes utilisations","datePublished":"2018-07-19T05:35:10+00:00","dateModified":"2019-01-21T16:48:53+00:00","mainEntityOfPage":{"@id":"https:\/\/www.sprachschule-aktiv-wien.at\/fr\/le-prefixe-allemand-ent-et-ses-differentes-utilisations\/"},"wordCount":659,"commentCount":0,"image":{"@id":"https:\/\/www.sprachschule-aktiv-wien.at\/fr\/le-prefixe-allemand-ent-et-ses-differentes-utilisations\/#primaryimage"},"thumbnailUrl":"https:\/\/www.sprachschule-aktiv-wien.at\/wp-content\/uploads\/2018\/07\/le-prefixe-allemand-ent-et-ses-differentes-utilisations.jpg","articleSection":["Non classifi\u00e9(e)"],"inLanguage":"fr-FR"},{"@type":"WebPage","@id":"https:\/\/www.sprachschule-aktiv-wien.at\/fr\/le-prefixe-allemand-ent-et-ses-differentes-utilisations\/","url":"https:\/\/www.sprachschule-aktiv-wien.at\/fr\/le-prefixe-allemand-ent-et-ses-differentes-utilisations\/","name":"Le pr\u00e9fixe allemand \"ent\" et ses diff\u00e9rentes utilisations","isPartOf":{"@id":"https:\/\/www.sprachschule-aktiv-wien.at\/#website"},"primaryImageOfPage":{"@id":"https:\/\/www.sprachschule-aktiv-wien.at\/fr\/le-prefixe-allemand-ent-et-ses-differentes-utilisations\/#primaryimage"},"image":{"@id":"https:\/\/www.sprachschule-aktiv-wien.at\/fr\/le-prefixe-allemand-ent-et-ses-differentes-utilisations\/#primaryimage"},"thumbnailUrl":"https:\/\/www.sprachschule-aktiv-wien.at\/wp-content\/uploads\/2018\/07\/le-prefixe-allemand-ent-et-ses-differentes-utilisations.jpg","datePublished":"2018-07-19T05:35:10+00:00","dateModified":"2019-01-21T16:48:53+00:00","author":{"@id":"https:\/\/www.sprachschule-aktiv-wien.at\/#\/schema\/person\/9b9525ae7338f5862f42703f9c3927d6"},"description":"Les trois petites lettres \"ent\" peuvent compl\u00e8tement changer la signification d'un verbe. Cependant, il a des significations diff\u00e9rentes.","breadcrumb":{"@id":"https:\/\/www.sprachschule-aktiv-wien.at\/fr\/le-prefixe-allemand-ent-et-ses-differentes-utilisations\/#breadcrumb"},"inLanguage":"fr-FR","potentialAction":[{"@type":"ReadAction","target":["https:\/\/www.sprachschule-aktiv-wien.at\/fr\/le-prefixe-allemand-ent-et-ses-differentes-utilisations\/"]}]},{"@type":"ImageObject","inLanguage":"fr-FR","@id":"https:\/\/www.sprachschule-aktiv-wien.at\/fr\/le-prefixe-allemand-ent-et-ses-differentes-utilisations\/#primaryimage","url":"https:\/\/www.sprachschule-aktiv-wien.at\/wp-content\/uploads\/2018\/07\/le-prefixe-allemand-ent-et-ses-differentes-utilisations.jpg","contentUrl":"https:\/\/www.sprachschule-aktiv-wien.at\/wp-content\/uploads\/2018\/07\/le-prefixe-allemand-ent-et-ses-differentes-utilisations.jpg","width":900,"height":675,"caption":"Le pr\u00e9fixe allemand \"ent\" et ses diff\u00e9rentes utilisations"},{"@type":"BreadcrumbList","@id":"https:\/\/www.sprachschule-aktiv-wien.at\/fr\/le-prefixe-allemand-ent-et-ses-differentes-utilisations\/#breadcrumb","itemListElement":[{"@type":"ListItem","position":1,"name":"Home","item":"https:\/\/www.sprachschule-aktiv-wien.at\/fr\/"},{"@type":"ListItem","position":2,"name":"Le pr\u00e9fixe allemand &#8220;ent&#8221; et ses diff\u00e9rentes utilisations"}]},{"@type":"WebSite","@id":"https:\/\/www.sprachschule-aktiv-wien.at\/#website","url":"https:\/\/www.sprachschule-aktiv-wien.at\/","name":"Sprachschule Aktiv Wien","description":"","potentialAction":[{"@type":"SearchAction","target":{"@type":"EntryPoint","urlTemplate":"https:\/\/www.sprachschule-aktiv-wien.at\/?s={search_term_string}"},"query-input":{"@type":"PropertyValueSpecification","valueRequired":true,"valueName":"search_term_string"}}],"inLanguage":"fr-FR"},{"@type":"Person","@id":"https:\/\/www.sprachschule-aktiv-wien.at\/#\/schema\/person\/9b9525ae7338f5862f42703f9c3927d6","name":"Blazena","image":{"@type":"ImageObject","inLanguage":"fr-FR","@id":"https:\/\/www.sprachschule-aktiv-wien.at\/#\/schema\/person\/image\/","url":"https:\/\/secure.gravatar.com\/avatar\/6d8e2d8749aa12c0bce3e0c38ae7851e2f018129ac9e9c3d33ac7bf35aecf7ef?s=96&d=mm&r=g","contentUrl":"https:\/\/secure.gravatar.com\/avatar\/6d8e2d8749aa12c0bce3e0c38ae7851e2f018129ac9e9c3d33ac7bf35aecf7ef?s=96&d=mm&r=g","caption":"Blazena"}}]}},"_links":{"self":[{"href":"https:\/\/www.sprachschule-aktiv-wien.at\/fr\/wp-json\/wp\/v2\/posts\/7053","targetHints":{"allow":["GET"]}}],"collection":[{"href":"https:\/\/www.sprachschule-aktiv-wien.at\/fr\/wp-json\/wp\/v2\/posts"}],"about":[{"href":"https:\/\/www.sprachschule-aktiv-wien.at\/fr\/wp-json\/wp\/v2\/types\/post"}],"author":[{"embeddable":true,"href":"https:\/\/www.sprachschule-aktiv-wien.at\/fr\/wp-json\/wp\/v2\/users\/7"}],"replies":[{"embeddable":true,"href":"https:\/\/www.sprachschule-aktiv-wien.at\/fr\/wp-json\/wp\/v2\/comments?post=7053"}],"version-history":[{"count":9,"href":"https:\/\/www.sprachschule-aktiv-wien.at\/fr\/wp-json\/wp\/v2\/posts\/7053\/revisions"}],"predecessor-version":[{"id":12529,"href":"https:\/\/www.sprachschule-aktiv-wien.at\/fr\/wp-json\/wp\/v2\/posts\/7053\/revisions\/12529"}],"wp:featuredmedia":[{"embeddable":true,"href":"https:\/\/www.sprachschule-aktiv-wien.at\/fr\/wp-json\/wp\/v2\/media\/9740"}],"wp:attachment":[{"href":"https:\/\/www.sprachschule-aktiv-wien.at\/fr\/wp-json\/wp\/v2\/media?parent=7053"}],"wp:term":[{"taxonomy":"category","embeddable":true,"href":"https:\/\/www.sprachschule-aktiv-wien.at\/fr\/wp-json\/wp\/v2\/categories?post=7053"},{"taxonomy":"post_tag","embeddable":true,"href":"https:\/\/www.sprachschule-aktiv-wien.at\/fr\/wp-json\/wp\/v2\/tags?post=7053"}],"curies":[{"name":"wp","href":"https:\/\/api.w.org\/{rel}","templated":true}]}}