{"id":6555,"date":"2018-05-25T16:17:42","date_gmt":"2018-05-25T16:17:42","guid":{"rendered":"https:\/\/www.sprachschule-aktiv-wien.at\/?p=6555"},"modified":"2021-03-08T10:26:43","modified_gmt":"2021-03-08T10:26:43","slug":"conseils-pratiques-pour-apprendre-rapidement-lallemand","status":"publish","type":"post","link":"https:\/\/www.sprachschule-aktiv-wien.at\/fr\/conseils-pratiques-pour-apprendre-rapidement-lallemand\/","title":{"rendered":"Conseils pratiques pour apprendre vite l\u2018allemand"},"content":{"rendered":"<h1>Conseils pratiques pour apprendre vite l\u2018allemand<\/h1>\n<p>Il est hors de question que la langue allemande est une des langues les plus utiles \u00e0 apprendre pour un francophone\u00a0: elle est non seulement lange de travail, mais aussi lange culturelle ainsi que politique et sociale.<\/p>\n<p>S\u2019appuyant sur son r\u00f4le international dans les relations entre la France et L\u2019Allemagne, l\u2019allemand est ainsi utilis\u00e9, apr\u00e8s l\u2019anglais, au travail comme lange de communication dans l\u2019entreprise, notamment pour les \u00e9changes d\u2019informations \u00e0 niveau \u00e9conomique. Mais aussi dans les secteurs de la technologie, de la science, de l\u2019\u00e9ducation et du tourisme, la langue de Goethe ne perd pas d\u2019importance.<\/p>\n<p>Au contraire, l\u2019allemandest aujourd&#8217;hui la langue maternelle la plus r\u00e9pandue en Europe et langue officielle de plusieurs pays, notamment de l&#8217;Autriche, de l&#8217;Allemagne et du Liechtenstein, et, entre autres, \u00e9galement de la Belgique, de l\u2019Italie, de la Suisse et du Luxembourg.\u00a0 On trouve m\u00eame des communaut\u00e9s germanophones en Roumanie, en Hongrie, en R\u00e9publique Tch\u00e8que et au Danemark (pour nommer uniquement les europ\u00e9ennes), et m\u00eame en France, o\u00f9 l&#8217;allemand est la deuxi\u00e8me langue la plus utilis\u00e9e.<\/p>\n<p>Comment donc aborder au plus vite l\u2019apprentissage de l\u2019allemand\u00a0? Ici quelques conseils \u00e0 suivre.<\/p>\n<img decoding=\"async\" class=\"alignnone wp-image-3508\" src=\"https:\/\/www.sprachschule-aktiv-wien.at\/wp-content\/uploads\/2015\/03\/profesor-aleman-con-experiencia-y-simpatico.jpg\" alt=\"Conseils pratiques pour apprendre vite l\u2018allemand\" width=\"369\" height=\"369\" srcset=\"https:\/\/www.sprachschule-aktiv-wien.at\/wp-content\/uploads\/2015\/03\/profesor-aleman-con-experiencia-y-simpatico.jpg 400w, https:\/\/www.sprachschule-aktiv-wien.at\/wp-content\/uploads\/2015\/03\/profesor-aleman-con-experiencia-y-simpatico-150x150.jpg 150w, https:\/\/www.sprachschule-aktiv-wien.at\/wp-content\/uploads\/2015\/03\/profesor-aleman-con-experiencia-y-simpatico-300x300.jpg 300w\" sizes=\"(max-width: 369px) 100vw, 369px\" \/>\n<h2><strong>Commencez par la phon\u00e9tique<\/strong><\/h2>\n<p>Abordez tout d\u2019abord la m\u00e9lodie de la langue, comme le font les enfants quand ils apprennent \u00e0 parler \u2013 son rythme, es accents, ses sons. L\u2019accent n\u2019est pas toujours \u00e0 la fin. Registrez ensuite que les lettres que l\u2019on voit \u00e0 l\u2019\u00e9crit ne correspondent pas forc\u00e9ment \u00e0 ce qui est prononc\u00e9 habituellement en fran\u00e7ais\u00a0\u2013 en allemand on prononce g\u00e9n\u00e9ralement toutes les lettres\u00a0! En voici quelques exemples\u00a0:<\/p>\n<ul>\n<li>Le &lt;e&gt; \u00e0 la fin du mot n\u2019est pas muet et se prononce\u00a0: <em>meine <\/em>[ma\u026an\u0259] (ma)<\/li>\n<li>Le &lt;e&gt; apr\u00e8s un &lt;i&gt; prolonge la voyelle\u00a0: <em>Wien <\/em>[vi:n] (Vienne)<\/li>\n<li>Le &lt;h&gt; n\u2019est ni muet ni aspir\u00e9 et se prononce\u00a0en expirant : <em>haben<\/em> [\u2018hab\u0259n] (avoir)<\/li>\n<li>Le &lt;u&gt; se prononce comme le &lt;ou&gt; fran\u00e7ais\u00a0: <em>du<\/em>se prononce [du] (tu)<\/li>\n<li>Le &lt;j&gt; se prononce comme un &lt;y&gt; fran\u00e7ais\u00a0: <em>ja <\/em>se prononce [ja] (oui)<\/li>\n<li>Le &lt;g&gt; se prononce toujours comme le &lt;g&gt; fran\u00e7ais avant &lt;a, o, u&gt;\u00a0: <em>Genus<\/em> [ge:nus] (genre)<\/li>\n<li>Le &lt;sch&gt; se prononce comme le &lt;ch&gt; fran\u00e7ais\u00a0: <em>Schule <\/em>(\u00e9cole) se prononce [\u0283ul\u0259]<\/li>\n<li>Le &lt;y&gt; se prononce comme le &lt;u&gt; fran\u00e7ais\u00a0 <em>Rhythmus<\/em>[r\u028ftmus] (rythme)<\/li>\n<li>Le &lt;v&gt; se prononce comme le &lt;f&gt; fran\u00e7ais\u00a0: <em>Vater <\/em>[fat\u0250] (p\u00e8re)<\/li>\n<li>Le &lt;\u00e4&gt; se prononce comme le &lt;\u00ea&gt; fran\u00e7ais\u00a0:<em>K\u00e4se <\/em>[k\u025bs\u0259] (fromage)<\/li>\n<li>Le &lt;\u00f6&gt; se prononce comme le &lt;eu&gt; fran\u00e7ais\u00a0:<em>k\u00f6nnen <\/em>[k\u0153nn\u0259n] (pouvoir)<\/li>\n<li>Le &lt;\u00fc&gt; se prononce comme le &lt;u&gt; fran\u00e7ais\u00a0: <em>f\u00fcr <\/em>[f\u028fr] (pour)<\/li>\n<li>Le &lt;\u00df&gt; se prononce comme le &lt;ss&gt; fran\u00e7ais\u00a0: <em>wei\u00df <\/em>[wa\u026as] (blanc), etc.<\/li>\n<\/ul>\n<p>R\u00e9p\u00e9ter \u00e0 haute voix les sons, des premiers mots, des phrases enti\u00e8res, pour acqu\u00e9rir d\u00e8s le d\u00e9but la prononciation correcte. Ceci \u00e9vitera des erreurs r\u00e9currentes plus tard.<\/p>\n<h2><strong>Au d\u00e9but \u2013 des mots utiles<\/strong><\/h2>\n<p>Qui veut pouvoir se communiquer au plus vite, doit commencer par appendre les mots dont il a le plus besoin\u00a0:<\/p>\n<ul>\n<li>noms de familiers (p\u00e8re, m\u00e8re, enfant), de choses quotidiennes (\u00e9cole, crayon, livre, voiture, pays, habits, etc.). Chaque nom s\u2019apprend toujours avec son article. Notez qu\u2019en allemand il y a trois genres, \u00e0 c\u00f4t\u00e9 du masculin et du f\u00e9minin, le neutre\u00a0:<em>Der Vater <\/em>(le p\u00e8re<em>), die Mutter <\/em>(la m\u00e8re), <em>das Kind <\/em>(l\u2019enfant)\u00a0;<\/li>\n<li>verbes (\u00eatre, avoir, s\u2019appeler, venir, parler, \u00e9couter, aimer, manger, boire, etc.), d\u2019actions les plus importantes, les r\u00e9guliers d\u2019abord, et vous arriverez d\u00e9j\u00e0 \u00e0 faire de petites phrases compl\u00e8tes \u00e0 la fin du premier cours\u00a0: <em>Ich hei\u00dfe Maria <\/em>(je m\u2019apelle Maria), i<em>ch komme aus Frankreich <\/em>(je viens de France), <em>ich bin 28 Jahre alt <\/em>(J\u2019ai 28 ans).<\/li>\n<\/ul>\n<h2><strong>\u00c9largissez votre syst\u00e8me<\/strong><\/h2>\n<p>Formez de plus en plus de phrases avec des \u00e9l\u00e9ments r\u00e9currents que vous r\u00e9p\u00e9tez et \u00e9largissez progressivement votre syst\u00e8me langagier, en incluant maintenant aussi des\u00a0pronoms interrogatifs, pr\u00e9positions, pronoms possessifs, adjectifs, etc. :<\/p>\n<ul>\n<li>Questions\u00a0: <em>Wie hei\u00dft du? <\/em>(comment t\u2019appelles-tu?), <em>woher kommst du? <\/em>(d\u2019o\u00f9 viens-tu?), <em>wie alt bist du? <\/em>(quel \u00e2ge as-tu?) \u2013 R\u00e9ponses : Ich hei\u00dfe\u2026 (je m\u2019appelle\u2026), i<em>ch bin aus <\/em>(je suis de\u2026), <em>ich komme aus<\/em>(je viens de\u2026), <em>ich bin xy alt <\/em>(j\u2019ai xy ans) ;<\/li>\n<li>Pr\u00e9positions\u00a0: <em>nach <\/em>(\u00e0), <em>von <\/em>(de), <em>f\u00fcr <\/em>(pour), <em>mit <\/em>(avec), etc.\u00a0:\u00a0 <em>das ist f\u00fcr Paul <\/em>(c\u2019est pour Paul);<\/li>\n<li>Pronoms possessifs\u00a0: <em>Das ist meine Freundin<\/em>(c\u2019est mon amie), wo ist mein Buch\u00a0? (o\u00f9 est mon livre ? ), etc.<\/li>\n<\/ul>\n<p>Ne perdez pas le courage. Restez pour l\u2019instant au pr\u00e9sent. La r\u00e9p\u00e9tition de structures aide \u00e9norm\u00e9ment \u00e0 les m\u00e9moriser\u00a0: <em>Das Kind ist klein <\/em>(l\u2019enfant est petit)<em>, die Mutter ist gro\u00df <\/em>(la m\u00e8re est grande)<em>, Meine Tache ist schwarz <\/em>(mon sac est noir), <em>ich habe ein Kind <\/em>(j\u2019ai un enfant), etc.<\/p>\n<p>Vous voyez : vous avez pris conscience des structures les plus communes et vous poss\u00e9dez maintenant un syst\u00e8me, \u00e0 l\u2019aide duquel vous pouvez d\u00e9j\u00e0 vous communiquer basiquement.<\/p>\n<h2><strong>Acqu\u00e9rez au fur et \u00e0 mesure des structures langagi\u00e8res<\/strong><\/h2>\n<p>Vous apprendrez ainsi exponentiellement des structures de plus en plus complexes, en ajoutant ensuite d\u2019autre temps, des conjonctions, les cas, etc., tout en parlant et en involucrant ainsi \u00e0 c\u00f4t\u00e9 du vocabulaire parall\u00e8lement\u00a0le syst\u00e8me grammatical allemand.<\/p>\n<p>L\u2019allemand a quatre cas, notamment le nominatif, l\u2019accusatif, le datif et le g\u00e9nitif\u00a0:<\/p>\n<ul>\n<li>quand nous sommes quelque part, \u00e7a prend le datif\u00a0: <em>Ich bin in der Schule <\/em>(je suis \u00e0 l\u2019\u00e9cole)\u00a0;<\/li>\n<li>quand nous allons quelque part, \u00e7a prend l\u2019accusatif\u00a0:<em> Ich gehe in die Schule\u00a0<\/em>(je vais \u00e0 l\u2019\u00e9cole)<em>;<\/em><em>\u00a0<\/em><\/li>\n<\/ul>\n<p>Contrairement au fran\u00e7ais, en allemand on peut former directement des noms compos\u00e9s\u00a0: <em>Fu\u00dfballklub <\/em>(club de football), <em>Schokoladenmousse <\/em>(mousse au chocolat), etc. Tous les noms prennent une majuscule. Pr\u00eatez-y attention\u00a0!<\/p>\n<p>Vous comprenez de plus en plus rapidement, r\u00e9p\u00e9tez les formes communes, parlez, lisez et \u00e9crivez de petits textes et dialogues plus \u00e9labor\u00e9s.<\/p>\n<h2><strong>Faites-vous des fiches<\/strong><\/h2>\n<p>Pour vous aider \u00e0 mieux int\u00e9grer les mots de base, vous pouvez faire des fiches de conjugaisons, des cahiers de vocabulaire, avec des phrases typiques et\/ou locutions indispensables toutes faites\u00a0:<\/p>\n<p><em>Guten Tag\u00a0! <\/em>(bonjour !), <em>guten Abend\u00a0! <\/em>(bonsoir !), <em>danke, gut <\/em>(bien, merci), <em>die Eink\u00e4ufe machen <\/em>(faire les courses), <em>einem hei\u00df\/kalt sein <\/em>(avoir chaud\/froid), <em>ich brauche\u2026 <\/em>(j\u2019ai besoin de\u2026), <em>bis morgen <\/em>\u00a0(\u00e0 demain), etc.<\/p>\n<p>De cette fa\u00e7on-l\u00e0, vous pourrez approfondir vos connaissances et les r\u00e9viser entre-temps. R\u00e9visez 10 \u00e0 15 minutes par jour, pour vous y habituer et ne pas les oublier.<\/p>\n<h2 style=\"text-align: left;\"><strong>Utilisez le dictionnaire<\/strong><\/h2>\n<p>En ligne il y a quelques bons sites o\u00f9 l\u2019on peut consulter des mots\u00a0qu\u2019on ne connait pas pendant que l\u2019on apprend la langue\u00a0:<\/p>\n<ul>\n<li>Pons.eu\u00a0: un dictionnaire bilingue proposant la traduction du mot cherch\u00e9, la prononciation, offrant de diff\u00e9rentes d\u00e9finitions.<\/li>\n<li>Leo\u00a0: un dictionnaire livrant des mots et expressions exemplairement dans de diff\u00e9rents contextes.<\/li>\n<li>Woxikon.de\u00a0: une compilation d\u2019ouvrages de r\u00e9f\u00e9rence (dictionnaires bilingues, tables de conjugaison, expressions, abr\u00e9viations, citations, etc.). Le dictionnaire de synonymes y compris est sp\u00e9cialement int\u00e9ressant pour retrouver un terminus exact par champ s\u00e9mantique.<\/li>\n<\/ul>\n<h2><strong>Mettez-vous un but<\/strong><\/h2>\n<p>Celui qui connait son but, apprend plus pr\u00e9cis\u00e9ment. Quel est donc votre but\u00a0? Communiquer dans la rue, avec des amis, \u00e9tudier plus profond\u00e9ment la langue, pour vivre en Autriche ou dans un autre pays de langue allemande, peut-\u00eatre m\u00eame y rester, ou encore \u00e9crire parfaitement, notamment pour faire des \u00e9tudes en allemand\u00a0?<\/p>\n<p>Commencez par le vocabulaire de base, puis continuez avec les th\u00e8mes quotidiens qui vous int\u00e9ressent ou concernent le plus. Comme cela vous n\u2019apprendrez non seulement les expressions dont vous avez le plus besoin, mais vous serez plus motiv\u00e9 de retenir au plus vite pour pouvoir vous mettre en contact avec votre entourage au plus t\u00f4t.<\/p>\n<h2><strong>Laissez-vous corriger<\/strong><\/h2>\n<p>Ce n\u2019est pas impoli de vous corriger\u00a0! Demandez aux gens de langue native allemande de vous corriger \u00e0 chaque fois que vous vous trompez. Le fait de vous corriger imm\u00e9diatement \u00e9vitera de fixer des erreurs \u00e0 long terme. Alors\u00a0: on peut vous interrompre et vous en \u00eates content\u00a0!<\/p>\n<h2><strong>Pensez en allemand<\/strong><\/h2>\n<p>\u00ab\u00a0Comment dirais-je en allemand\u00a0?\u00a0\u00bb\u00a0 \u2013 utilisez chaque situation qui se pose pour essayer de vous exprimer directement en allemand\u00a0: vous \u00eates par exemple au march\u00e9 et voulez acheter des pommes\u00a0? Essayez donc de le dire e allemand. C\u2019est correct\u00a0? Demandez\u00a0! Sinon, \u00e7a ne fait rien, vous compl\u00e8terez au fur et \u00e0 mesure qu\u2019on vous corrige.<\/p>\n<h2><strong>\u00c9coutez et lisez l\u2019allemand<\/strong><\/h2>\n<p>Parall\u00e8lement \u00e0 tout apprentissage syst\u00e9matique avec des livres, les aides et les professeurs, il est \u00e9norm\u00e9ment important d\u2019\u00eatre submerg\u00e9 dans la langue vivante\u00a0: regardez des vid\u00e9os, des films, la t\u00e9l\u00e9, \u00e9coutez la radio, ou de la musique, des petits interviews, lisez des journaux, de petites histoires simples <strong>\u2013 <\/strong>sp\u00e9cialement des \u0153uvres simples et programmes pour enfants, comme ceux de \u00ab Barbapapa \u00bb ou de \u00ab H\u00e4nsel und Gretel \u00bb\u00a0 livrent des structures de base r\u00e9currentes qui vous aiderons \u00e0 assimiler suppl\u00e9mentairement la langue.<\/p>\n<h2><strong>Utilisez l\u2019allemand\u00a0!<\/strong><\/h2>\n<p>Et surtout\u00a0: parlez, parlez, parlez\u00a0! \u00c0 toute occasion possible. Activement. Une langue maintenue vive est une langue que l\u2019on n\u2019oublie pas\u00a0!<\/p>\n<p>Venez \u00e0 notre \u00e9cole\u00a0! Et nous vous aiderons \u00e0 appliquer les conseils ci-dessus, vous guidant professionnellement au cours de votre apprentissage. Nous nous r\u00e9jouirons de pouvoir vous accueillir chez nous au c\u0153ur de Vienne afin de bien apprendre l\u2019allemand\u00a0!<\/p>\n","protected":false},"excerpt":{"rendered":"<p>Conseils pratiques pour apprendre vite l\u2018allemand Il est hors de question que la langue allemande est une des langues les plus utiles \u00e0 apprendre pour un francophone\u00a0: elle est non seulement lange de travail, mais aussi lange culturelle ainsi que politique et sociale. S\u2019appuyant sur son r\u00f4le international dans les relations entre la France et [&hellip;]<\/p>\n","protected":false},"author":7,"featured_media":30418,"comment_status":"closed","ping_status":"closed","sticky":false,"template":"","format":"standard","meta":{"footnotes":""},"categories":[41],"tags":[],"class_list":["post-6555","post","type-post","status-publish","format-standard","has-post-thumbnail","hentry","category-non-classifiee"],"yoast_head":"<!-- This site is optimized with the Yoast SEO plugin v27.1.1 - https:\/\/yoast.com\/product\/yoast-seo-wordpress\/ -->\n<title>Conseils pratiques pour apprendre rapidement l\u2018allemand<\/title>\n<meta name=\"description\" content=\"Il est hors de question que la langue allemande est une des langues les plus utiles \u00e0 apprendre pour un francophone. Sprachschule.\" \/>\n<meta name=\"robots\" content=\"index, follow, max-snippet:-1, max-image-preview:large, max-video-preview:-1\" \/>\n<link rel=\"canonical\" href=\"https:\/\/www.sprachschule-aktiv-wien.at\/fr\/conseils-pratiques-pour-apprendre-rapidement-lallemand\/\" \/>\n<meta property=\"og:locale\" content=\"fr_FR\" \/>\n<meta property=\"og:type\" content=\"article\" \/>\n<meta property=\"og:title\" content=\"Conseils pratiques pour apprendre rapidement l\u2018allemand\" \/>\n<meta property=\"og:description\" content=\"Il est hors de question que la langue allemande est une des langues les plus utiles \u00e0 apprendre pour un francophone. Sprachschule.\" \/>\n<meta property=\"og:url\" content=\"https:\/\/www.sprachschule-aktiv-wien.at\/fr\/conseils-pratiques-pour-apprendre-rapidement-lallemand\/\" \/>\n<meta property=\"og:site_name\" content=\"Sprachschule Aktiv Wien\" \/>\n<meta property=\"article:published_time\" content=\"2018-05-25T16:17:42+00:00\" \/>\n<meta property=\"article:modified_time\" content=\"2021-03-08T10:26:43+00:00\" \/>\n<meta property=\"og:image\" content=\"https:\/\/www.sprachschule-aktiv-wien.at\/wp-content\/uploads\/2018\/05\/conseils-pratiques-pour-apprendre-vite-l\u2018allemand.jpg\" \/>\n\t<meta property=\"og:image:width\" content=\"680\" \/>\n\t<meta property=\"og:image:height\" content=\"383\" \/>\n\t<meta property=\"og:image:type\" content=\"image\/jpeg\" \/>\n<meta name=\"author\" content=\"Blazena\" \/>\n<meta name=\"twitter:label1\" content=\"\u00c9crit par\" \/>\n\t<meta name=\"twitter:data1\" content=\"Blazena\" \/>\n\t<meta name=\"twitter:label2\" content=\"Dur\u00e9e de lecture estim\u00e9e\" \/>\n\t<meta name=\"twitter:data2\" content=\"7 minutes\" \/>\n<script type=\"application\/ld+json\" class=\"yoast-schema-graph\">{\"@context\":\"https:\/\/schema.org\",\"@graph\":[{\"@type\":\"Article\",\"@id\":\"https:\/\/www.sprachschule-aktiv-wien.at\/fr\/conseils-pratiques-pour-apprendre-rapidement-lallemand\/#article\",\"isPartOf\":{\"@id\":\"https:\/\/www.sprachschule-aktiv-wien.at\/fr\/conseils-pratiques-pour-apprendre-rapidement-lallemand\/\"},\"author\":{\"name\":\"Blazena\",\"@id\":\"https:\/\/www.sprachschule-aktiv-wien.at\/#\/schema\/person\/9b9525ae7338f5862f42703f9c3927d6\"},\"headline\":\"Conseils pratiques pour apprendre vite l\u2018allemand\",\"datePublished\":\"2018-05-25T16:17:42+00:00\",\"dateModified\":\"2021-03-08T10:26:43+00:00\",\"mainEntityOfPage\":{\"@id\":\"https:\/\/www.sprachschule-aktiv-wien.at\/fr\/conseils-pratiques-pour-apprendre-rapidement-lallemand\/\"},\"wordCount\":1672,\"image\":{\"@id\":\"https:\/\/www.sprachschule-aktiv-wien.at\/fr\/conseils-pratiques-pour-apprendre-rapidement-lallemand\/#primaryimage\"},\"thumbnailUrl\":\"https:\/\/www.sprachschule-aktiv-wien.at\/wp-content\/uploads\/2018\/05\/conseils-pratiques-pour-apprendre-vite-l\u2018allemand.jpg\",\"articleSection\":[\"Non classifi\u00e9(e)\"],\"inLanguage\":\"fr-FR\"},{\"@type\":\"WebPage\",\"@id\":\"https:\/\/www.sprachschule-aktiv-wien.at\/fr\/conseils-pratiques-pour-apprendre-rapidement-lallemand\/\",\"url\":\"https:\/\/www.sprachschule-aktiv-wien.at\/fr\/conseils-pratiques-pour-apprendre-rapidement-lallemand\/\",\"name\":\"Conseils pratiques pour apprendre rapidement l\u2018allemand\",\"isPartOf\":{\"@id\":\"https:\/\/www.sprachschule-aktiv-wien.at\/#website\"},\"primaryImageOfPage\":{\"@id\":\"https:\/\/www.sprachschule-aktiv-wien.at\/fr\/conseils-pratiques-pour-apprendre-rapidement-lallemand\/#primaryimage\"},\"image\":{\"@id\":\"https:\/\/www.sprachschule-aktiv-wien.at\/fr\/conseils-pratiques-pour-apprendre-rapidement-lallemand\/#primaryimage\"},\"thumbnailUrl\":\"https:\/\/www.sprachschule-aktiv-wien.at\/wp-content\/uploads\/2018\/05\/conseils-pratiques-pour-apprendre-vite-l\u2018allemand.jpg\",\"datePublished\":\"2018-05-25T16:17:42+00:00\",\"dateModified\":\"2021-03-08T10:26:43+00:00\",\"author\":{\"@id\":\"https:\/\/www.sprachschule-aktiv-wien.at\/#\/schema\/person\/9b9525ae7338f5862f42703f9c3927d6\"},\"description\":\"Il est hors de question que la langue allemande est une des langues les plus utiles \u00e0 apprendre pour un francophone. Sprachschule.\",\"breadcrumb\":{\"@id\":\"https:\/\/www.sprachschule-aktiv-wien.at\/fr\/conseils-pratiques-pour-apprendre-rapidement-lallemand\/#breadcrumb\"},\"inLanguage\":\"fr-FR\",\"potentialAction\":[{\"@type\":\"ReadAction\",\"target\":[\"https:\/\/www.sprachschule-aktiv-wien.at\/fr\/conseils-pratiques-pour-apprendre-rapidement-lallemand\/\"]}]},{\"@type\":\"ImageObject\",\"inLanguage\":\"fr-FR\",\"@id\":\"https:\/\/www.sprachschule-aktiv-wien.at\/fr\/conseils-pratiques-pour-apprendre-rapidement-lallemand\/#primaryimage\",\"url\":\"https:\/\/www.sprachschule-aktiv-wien.at\/wp-content\/uploads\/2018\/05\/conseils-pratiques-pour-apprendre-vite-l\u2018allemand.jpg\",\"contentUrl\":\"https:\/\/www.sprachschule-aktiv-wien.at\/wp-content\/uploads\/2018\/05\/conseils-pratiques-pour-apprendre-vite-l\u2018allemand.jpg\",\"width\":680,\"height\":383,\"caption\":\"Conseils pratiques pour apprendre vite l\u2018allemand\"},{\"@type\":\"BreadcrumbList\",\"@id\":\"https:\/\/www.sprachschule-aktiv-wien.at\/fr\/conseils-pratiques-pour-apprendre-rapidement-lallemand\/#breadcrumb\",\"itemListElement\":[{\"@type\":\"ListItem\",\"position\":1,\"name\":\"Home\",\"item\":\"https:\/\/www.sprachschule-aktiv-wien.at\/fr\/\"},{\"@type\":\"ListItem\",\"position\":2,\"name\":\"Conseils pratiques pour apprendre vite l\u2018allemand\"}]},{\"@type\":\"WebSite\",\"@id\":\"https:\/\/www.sprachschule-aktiv-wien.at\/#website\",\"url\":\"https:\/\/www.sprachschule-aktiv-wien.at\/\",\"name\":\"Sprachschule Aktiv Wien\",\"description\":\"\",\"potentialAction\":[{\"@type\":\"SearchAction\",\"target\":{\"@type\":\"EntryPoint\",\"urlTemplate\":\"https:\/\/www.sprachschule-aktiv-wien.at\/?s={search_term_string}\"},\"query-input\":{\"@type\":\"PropertyValueSpecification\",\"valueRequired\":true,\"valueName\":\"search_term_string\"}}],\"inLanguage\":\"fr-FR\"},{\"@type\":\"Person\",\"@id\":\"https:\/\/www.sprachschule-aktiv-wien.at\/#\/schema\/person\/9b9525ae7338f5862f42703f9c3927d6\",\"name\":\"Blazena\",\"image\":{\"@type\":\"ImageObject\",\"inLanguage\":\"fr-FR\",\"@id\":\"https:\/\/www.sprachschule-aktiv-wien.at\/#\/schema\/person\/image\/\",\"url\":\"https:\/\/secure.gravatar.com\/avatar\/6d8e2d8749aa12c0bce3e0c38ae7851e2f018129ac9e9c3d33ac7bf35aecf7ef?s=96&d=mm&r=g\",\"contentUrl\":\"https:\/\/secure.gravatar.com\/avatar\/6d8e2d8749aa12c0bce3e0c38ae7851e2f018129ac9e9c3d33ac7bf35aecf7ef?s=96&d=mm&r=g\",\"caption\":\"Blazena\"}}]}<\/script>\n<!-- \/ Yoast SEO plugin. -->","yoast_head_json":{"title":"Conseils pratiques pour apprendre rapidement l\u2018allemand","description":"Il est hors de question que la langue allemande est une des langues les plus utiles \u00e0 apprendre pour un francophone. Sprachschule.","robots":{"index":"index","follow":"follow","max-snippet":"max-snippet:-1","max-image-preview":"max-image-preview:large","max-video-preview":"max-video-preview:-1"},"canonical":"https:\/\/www.sprachschule-aktiv-wien.at\/fr\/conseils-pratiques-pour-apprendre-rapidement-lallemand\/","og_locale":"fr_FR","og_type":"article","og_title":"Conseils pratiques pour apprendre rapidement l\u2018allemand","og_description":"Il est hors de question que la langue allemande est une des langues les plus utiles \u00e0 apprendre pour un francophone. Sprachschule.","og_url":"https:\/\/www.sprachschule-aktiv-wien.at\/fr\/conseils-pratiques-pour-apprendre-rapidement-lallemand\/","og_site_name":"Sprachschule Aktiv Wien","article_published_time":"2018-05-25T16:17:42+00:00","article_modified_time":"2021-03-08T10:26:43+00:00","og_image":[{"width":680,"height":383,"url":"https:\/\/www.sprachschule-aktiv-wien.at\/wp-content\/uploads\/2018\/05\/conseils-pratiques-pour-apprendre-vite-l\u2018allemand.jpg","type":"image\/jpeg"}],"author":"Blazena","twitter_misc":{"\u00c9crit par":"Blazena","Dur\u00e9e de lecture estim\u00e9e":"7 minutes"},"schema":{"@context":"https:\/\/schema.org","@graph":[{"@type":"Article","@id":"https:\/\/www.sprachschule-aktiv-wien.at\/fr\/conseils-pratiques-pour-apprendre-rapidement-lallemand\/#article","isPartOf":{"@id":"https:\/\/www.sprachschule-aktiv-wien.at\/fr\/conseils-pratiques-pour-apprendre-rapidement-lallemand\/"},"author":{"name":"Blazena","@id":"https:\/\/www.sprachschule-aktiv-wien.at\/#\/schema\/person\/9b9525ae7338f5862f42703f9c3927d6"},"headline":"Conseils pratiques pour apprendre vite l\u2018allemand","datePublished":"2018-05-25T16:17:42+00:00","dateModified":"2021-03-08T10:26:43+00:00","mainEntityOfPage":{"@id":"https:\/\/www.sprachschule-aktiv-wien.at\/fr\/conseils-pratiques-pour-apprendre-rapidement-lallemand\/"},"wordCount":1672,"image":{"@id":"https:\/\/www.sprachschule-aktiv-wien.at\/fr\/conseils-pratiques-pour-apprendre-rapidement-lallemand\/#primaryimage"},"thumbnailUrl":"https:\/\/www.sprachschule-aktiv-wien.at\/wp-content\/uploads\/2018\/05\/conseils-pratiques-pour-apprendre-vite-l\u2018allemand.jpg","articleSection":["Non classifi\u00e9(e)"],"inLanguage":"fr-FR"},{"@type":"WebPage","@id":"https:\/\/www.sprachschule-aktiv-wien.at\/fr\/conseils-pratiques-pour-apprendre-rapidement-lallemand\/","url":"https:\/\/www.sprachschule-aktiv-wien.at\/fr\/conseils-pratiques-pour-apprendre-rapidement-lallemand\/","name":"Conseils pratiques pour apprendre rapidement l\u2018allemand","isPartOf":{"@id":"https:\/\/www.sprachschule-aktiv-wien.at\/#website"},"primaryImageOfPage":{"@id":"https:\/\/www.sprachschule-aktiv-wien.at\/fr\/conseils-pratiques-pour-apprendre-rapidement-lallemand\/#primaryimage"},"image":{"@id":"https:\/\/www.sprachschule-aktiv-wien.at\/fr\/conseils-pratiques-pour-apprendre-rapidement-lallemand\/#primaryimage"},"thumbnailUrl":"https:\/\/www.sprachschule-aktiv-wien.at\/wp-content\/uploads\/2018\/05\/conseils-pratiques-pour-apprendre-vite-l\u2018allemand.jpg","datePublished":"2018-05-25T16:17:42+00:00","dateModified":"2021-03-08T10:26:43+00:00","author":{"@id":"https:\/\/www.sprachschule-aktiv-wien.at\/#\/schema\/person\/9b9525ae7338f5862f42703f9c3927d6"},"description":"Il est hors de question que la langue allemande est une des langues les plus utiles \u00e0 apprendre pour un francophone. Sprachschule.","breadcrumb":{"@id":"https:\/\/www.sprachschule-aktiv-wien.at\/fr\/conseils-pratiques-pour-apprendre-rapidement-lallemand\/#breadcrumb"},"inLanguage":"fr-FR","potentialAction":[{"@type":"ReadAction","target":["https:\/\/www.sprachschule-aktiv-wien.at\/fr\/conseils-pratiques-pour-apprendre-rapidement-lallemand\/"]}]},{"@type":"ImageObject","inLanguage":"fr-FR","@id":"https:\/\/www.sprachschule-aktiv-wien.at\/fr\/conseils-pratiques-pour-apprendre-rapidement-lallemand\/#primaryimage","url":"https:\/\/www.sprachschule-aktiv-wien.at\/wp-content\/uploads\/2018\/05\/conseils-pratiques-pour-apprendre-vite-l\u2018allemand.jpg","contentUrl":"https:\/\/www.sprachschule-aktiv-wien.at\/wp-content\/uploads\/2018\/05\/conseils-pratiques-pour-apprendre-vite-l\u2018allemand.jpg","width":680,"height":383,"caption":"Conseils pratiques pour apprendre vite l\u2018allemand"},{"@type":"BreadcrumbList","@id":"https:\/\/www.sprachschule-aktiv-wien.at\/fr\/conseils-pratiques-pour-apprendre-rapidement-lallemand\/#breadcrumb","itemListElement":[{"@type":"ListItem","position":1,"name":"Home","item":"https:\/\/www.sprachschule-aktiv-wien.at\/fr\/"},{"@type":"ListItem","position":2,"name":"Conseils pratiques pour apprendre vite l\u2018allemand"}]},{"@type":"WebSite","@id":"https:\/\/www.sprachschule-aktiv-wien.at\/#website","url":"https:\/\/www.sprachschule-aktiv-wien.at\/","name":"Sprachschule Aktiv Wien","description":"","potentialAction":[{"@type":"SearchAction","target":{"@type":"EntryPoint","urlTemplate":"https:\/\/www.sprachschule-aktiv-wien.at\/?s={search_term_string}"},"query-input":{"@type":"PropertyValueSpecification","valueRequired":true,"valueName":"search_term_string"}}],"inLanguage":"fr-FR"},{"@type":"Person","@id":"https:\/\/www.sprachschule-aktiv-wien.at\/#\/schema\/person\/9b9525ae7338f5862f42703f9c3927d6","name":"Blazena","image":{"@type":"ImageObject","inLanguage":"fr-FR","@id":"https:\/\/www.sprachschule-aktiv-wien.at\/#\/schema\/person\/image\/","url":"https:\/\/secure.gravatar.com\/avatar\/6d8e2d8749aa12c0bce3e0c38ae7851e2f018129ac9e9c3d33ac7bf35aecf7ef?s=96&d=mm&r=g","contentUrl":"https:\/\/secure.gravatar.com\/avatar\/6d8e2d8749aa12c0bce3e0c38ae7851e2f018129ac9e9c3d33ac7bf35aecf7ef?s=96&d=mm&r=g","caption":"Blazena"}}]}},"_links":{"self":[{"href":"https:\/\/www.sprachschule-aktiv-wien.at\/fr\/wp-json\/wp\/v2\/posts\/6555","targetHints":{"allow":["GET"]}}],"collection":[{"href":"https:\/\/www.sprachschule-aktiv-wien.at\/fr\/wp-json\/wp\/v2\/posts"}],"about":[{"href":"https:\/\/www.sprachschule-aktiv-wien.at\/fr\/wp-json\/wp\/v2\/types\/post"}],"author":[{"embeddable":true,"href":"https:\/\/www.sprachschule-aktiv-wien.at\/fr\/wp-json\/wp\/v2\/users\/7"}],"replies":[{"embeddable":true,"href":"https:\/\/www.sprachschule-aktiv-wien.at\/fr\/wp-json\/wp\/v2\/comments?post=6555"}],"version-history":[{"count":22,"href":"https:\/\/www.sprachschule-aktiv-wien.at\/fr\/wp-json\/wp\/v2\/posts\/6555\/revisions"}],"predecessor-version":[{"id":30440,"href":"https:\/\/www.sprachschule-aktiv-wien.at\/fr\/wp-json\/wp\/v2\/posts\/6555\/revisions\/30440"}],"wp:featuredmedia":[{"embeddable":true,"href":"https:\/\/www.sprachschule-aktiv-wien.at\/fr\/wp-json\/wp\/v2\/media\/30418"}],"wp:attachment":[{"href":"https:\/\/www.sprachschule-aktiv-wien.at\/fr\/wp-json\/wp\/v2\/media?parent=6555"}],"wp:term":[{"taxonomy":"category","embeddable":true,"href":"https:\/\/www.sprachschule-aktiv-wien.at\/fr\/wp-json\/wp\/v2\/categories?post=6555"},{"taxonomy":"post_tag","embeddable":true,"href":"https:\/\/www.sprachschule-aktiv-wien.at\/fr\/wp-json\/wp\/v2\/tags?post=6555"}],"curies":[{"name":"wp","href":"https:\/\/api.w.org\/{rel}","templated":true}]}}