{"id":6264,"date":"2018-05-28T07:41:13","date_gmt":"2018-05-28T07:41:13","guid":{"rendered":"https:\/\/www.sprachschule-aktiv-wien.at\/?p=6264"},"modified":"2019-05-14T14:15:31","modified_gmt":"2019-05-14T14:15:31","slug":"comment-ameliorer-sa-prononciation","status":"publish","type":"post","link":"https:\/\/www.sprachschule-aktiv-wien.at\/fr\/comment-ameliorer-sa-prononciation\/","title":{"rendered":"Comment am\u00e9liorer sa prononciation?"},"content":{"rendered":"<h1>Comment am\u00e9liorer sa prononciation?<\/h1>\n<h2>Am\u00e9liorer sa prononciation<\/h2>\n<p>Quand on apprend une langue \u00e9trang\u00e8re une des difficult\u00e9s principales que l\u2019on rencontre est la reproduction correcte des sons. Am\u00e9liorer sa prononciation a plusieurs avantages et n\u2019est pas aussi compliqu\u00e9 que l\u2019on peut s\u2019imaginer. M\u00eame avec les langues qui ne ressemblent pas au fran\u00e7ais, acqu\u00e9rir une bonne prononciation peut devenir un jeu d\u2019enfants si on choisit une bonne approche et si on se tient aux conseils list\u00e9s ci-dessous.<\/p>\n<h2>Votre prononciation ne doit pas \u00eatre parfaite<\/h2>\n<p>Lorsqu\u2019on veut am\u00e9liorer sa prononciation, l\u2019objectif est de reproduire correctement les sons pour \u00eatre compris. Ne vous acharnez pas trop, surtout au d\u00e9but, car vous allez vous am\u00e9liorer progressivement. Vous pouvez reproduire les sons d\u2019une langue correctement m\u00eame si vous gardez un l\u00e9ger accent. Apr\u00e8s avoir clarifi\u00e9 cela, passons \u00e0 pr\u00e9sent aux r\u00e8gles d\u2019or pour am\u00e9liorer la prononciation.<\/p>\n<h3>R\u00e8gle n\u00b01<\/h3>\n<p>Pour vous am\u00e9liorer \u00e9coutez r\u00e9guli\u00e8rement parler les gens dans leur langue d\u2019origine. Servez-vous pour cela de nombreuses possibilit\u00e9s qu\u2019offre internet : Ecoutez des podcasts et informations \u00e0 la radio, regardez la t\u00e9l\u00e9 ou des vid\u00e9os sur Youtube ou sur d\u2019autres sites de partage de vid\u00e9os comme, un site sp\u00e9cialis\u00e9 dans les vid\u00e9os sous-titr\u00e9es. Prenez l\u2019habitude d\u2019\u00e9couter intensivement la langue que vous souhaitez apprendre 5-10 minutes quotidiennement. Sans m\u00eame le remarquer vous allez vous am\u00e9liorer tr\u00e8s rapidement.<\/p>\n<h3>R\u00e8gle n\u00b02<\/h3>\n<p>Concentrez-vous activement sur les sons qui diff\u00e8rent de votre langue maternelle. Dans chaque langue vous pouvez trouver des sons similaires au fran\u00e7ais. Certains sont facilement reproductibles, d\u2019autres plus difficilement. Pour am\u00e9liorer sa prononciation on doit identifier les sons les plus difficiles et s\u2019entrainer \u00e0 les reproduire.<\/p>\n<h3>R\u00e8gle n\u00b03<\/h3>\n<p>Parlez lentement au d\u00e9but et restez loin de sons qui vous posent des probl\u00e8mes.<\/p>\n<h3>R\u00e8gle n\u00b04<\/h3>\n<p>Exercez-vous peu mais r\u00e9guli\u00e8rement. C\u2019est le secret quant \u00e0 l\u2019apprentissage d\u2019une langue \u00e9trang\u00e8re. Au lieu de pratiquer une heure par semaine, vous devrez, si possible, consacrer 15 minutes chaque jour \u00e0 la prononciation.<\/p>\n<h3>R\u00e8gle n\u00b05<\/h3>\n<p>Ecoutez la prononciation des locuteurs natifs et amusez-vous \u00e0 les imiter. Si vous aimez les films, apprenez les phrases de vos acteurs pr\u00e9f\u00e9r\u00e9s et r\u00e9p\u00e9tez-les. Regardez des vid\u00e9os et inspirez-vous. Chantez des chansons et essayez de reproduire les sons de vos chansons pr\u00e9f\u00e9r\u00e9s. Malgr\u00e9 les difficult\u00e9s du d\u00e9but la pratique de la prononciation sera tr\u00e8s amusante.<\/p>\n<h3>R\u00e8gle n\u00b06<\/h3>\n<p>Lisez des articles ou livres en version originale. Essayez de lire de temps en temps \u00e0 voix haute. De cette mani\u00e8re vous pouvez identifier les sons qui vous posent des difficult\u00e9s et vous exercer \u00e0 les reproduire correctement.<\/p>\n","protected":false},"excerpt":{"rendered":"<p>Comment am\u00e9liorer sa prononciation? Am\u00e9liorer sa prononciation Quand on apprend une langue \u00e9trang\u00e8re une des difficult\u00e9s principales que l\u2019on rencontre est la reproduction correcte des sons. Am\u00e9liorer sa prononciation a plusieurs avantages et n\u2019est pas aussi compliqu\u00e9 que l\u2019on peut s\u2019imaginer. M\u00eame avec les langues qui ne ressemblent pas au fran\u00e7ais, acqu\u00e9rir une bonne prononciation [&hellip;]<\/p>\n","protected":false},"author":7,"featured_media":6269,"comment_status":"open","ping_status":"open","sticky":false,"template":"","format":"standard","meta":{"footnotes":""},"categories":[41],"tags":[],"class_list":["post-6264","post","type-post","status-publish","format-standard","has-post-thumbnail","hentry","category-non-classifiee"],"yoast_head":"<!-- This site is optimized with the Yoast SEO plugin v27.1.1 - https:\/\/yoast.com\/product\/yoast-seo-wordpress\/ -->\n<title>Comment am\u00e9liorer sa prononciation en langue \u00e9trang\u00e8re ?<\/title>\n<meta name=\"description\" content=\"Lorsqu&#039;on apprend une langue \u00e9trang\u00e8re la prononciation repr\u00e9sente une des difficult\u00e9s \u00e0 sumonter. Ici vous trouverez des conseils.\" \/>\n<meta name=\"robots\" content=\"index, follow, max-snippet:-1, max-image-preview:large, max-video-preview:-1\" \/>\n<link rel=\"canonical\" href=\"https:\/\/www.sprachschule-aktiv-wien.at\/fr\/comment-ameliorer-sa-prononciation\/\" \/>\n<meta property=\"og:locale\" content=\"fr_FR\" \/>\n<meta property=\"og:type\" content=\"article\" \/>\n<meta property=\"og:title\" content=\"Comment am\u00e9liorer sa prononciation en langue \u00e9trang\u00e8re ?\" \/>\n<meta property=\"og:description\" content=\"Lorsqu&#039;on apprend une langue \u00e9trang\u00e8re la prononciation repr\u00e9sente une des difficult\u00e9s \u00e0 sumonter. Ici vous trouverez des conseils.\" \/>\n<meta property=\"og:url\" content=\"https:\/\/www.sprachschule-aktiv-wien.at\/fr\/comment-ameliorer-sa-prononciation\/\" \/>\n<meta property=\"og:site_name\" content=\"Sprachschule Aktiv Wien\" \/>\n<meta property=\"article:published_time\" content=\"2018-05-28T07:41:13+00:00\" \/>\n<meta property=\"article:modified_time\" content=\"2019-05-14T14:15:31+00:00\" \/>\n<meta property=\"og:image\" content=\"https:\/\/www.sprachschule-aktiv-wien.at\/wp-content\/uploads\/2018\/04\/Am\u00e9liorer-sa-prononciation-2.jpg\" \/>\n\t<meta property=\"og:image:width\" content=\"397\" \/>\n\t<meta property=\"og:image:height\" content=\"397\" \/>\n\t<meta property=\"og:image:type\" content=\"image\/jpeg\" \/>\n<meta name=\"author\" content=\"Blazena\" \/>\n<meta name=\"twitter:label1\" content=\"\u00c9crit par\" \/>\n\t<meta name=\"twitter:data1\" content=\"Blazena\" \/>\n\t<meta name=\"twitter:label2\" content=\"Dur\u00e9e de lecture estim\u00e9e\" \/>\n\t<meta name=\"twitter:data2\" content=\"2 minutes\" \/>\n<script type=\"application\/ld+json\" class=\"yoast-schema-graph\">{\"@context\":\"https:\/\/schema.org\",\"@graph\":[{\"@type\":\"Article\",\"@id\":\"https:\/\/www.sprachschule-aktiv-wien.at\/fr\/comment-ameliorer-sa-prononciation\/#article\",\"isPartOf\":{\"@id\":\"https:\/\/www.sprachschule-aktiv-wien.at\/fr\/comment-ameliorer-sa-prononciation\/\"},\"author\":{\"name\":\"Blazena\",\"@id\":\"https:\/\/www.sprachschule-aktiv-wien.at\/#\/schema\/person\/9b9525ae7338f5862f42703f9c3927d6\"},\"headline\":\"Comment am\u00e9liorer sa prononciation?\",\"datePublished\":\"2018-05-28T07:41:13+00:00\",\"dateModified\":\"2019-05-14T14:15:31+00:00\",\"mainEntityOfPage\":{\"@id\":\"https:\/\/www.sprachschule-aktiv-wien.at\/fr\/comment-ameliorer-sa-prononciation\/\"},\"wordCount\":488,\"commentCount\":0,\"image\":{\"@id\":\"https:\/\/www.sprachschule-aktiv-wien.at\/fr\/comment-ameliorer-sa-prononciation\/#primaryimage\"},\"thumbnailUrl\":\"https:\/\/www.sprachschule-aktiv-wien.at\/wp-content\/uploads\/2018\/04\/Am\u00e9liorer-sa-prononciation-2.jpg\",\"articleSection\":[\"Non classifi\u00e9(e)\"],\"inLanguage\":\"fr-FR\"},{\"@type\":\"WebPage\",\"@id\":\"https:\/\/www.sprachschule-aktiv-wien.at\/fr\/comment-ameliorer-sa-prononciation\/\",\"url\":\"https:\/\/www.sprachschule-aktiv-wien.at\/fr\/comment-ameliorer-sa-prononciation\/\",\"name\":\"Comment am\u00e9liorer sa prononciation en langue \u00e9trang\u00e8re ?\",\"isPartOf\":{\"@id\":\"https:\/\/www.sprachschule-aktiv-wien.at\/#website\"},\"primaryImageOfPage\":{\"@id\":\"https:\/\/www.sprachschule-aktiv-wien.at\/fr\/comment-ameliorer-sa-prononciation\/#primaryimage\"},\"image\":{\"@id\":\"https:\/\/www.sprachschule-aktiv-wien.at\/fr\/comment-ameliorer-sa-prononciation\/#primaryimage\"},\"thumbnailUrl\":\"https:\/\/www.sprachschule-aktiv-wien.at\/wp-content\/uploads\/2018\/04\/Am\u00e9liorer-sa-prononciation-2.jpg\",\"datePublished\":\"2018-05-28T07:41:13+00:00\",\"dateModified\":\"2019-05-14T14:15:31+00:00\",\"author\":{\"@id\":\"https:\/\/www.sprachschule-aktiv-wien.at\/#\/schema\/person\/9b9525ae7338f5862f42703f9c3927d6\"},\"description\":\"Lorsqu'on apprend une langue \u00e9trang\u00e8re la prononciation repr\u00e9sente une des difficult\u00e9s \u00e0 sumonter. Ici vous trouverez des conseils.\",\"breadcrumb\":{\"@id\":\"https:\/\/www.sprachschule-aktiv-wien.at\/fr\/comment-ameliorer-sa-prononciation\/#breadcrumb\"},\"inLanguage\":\"fr-FR\",\"potentialAction\":[{\"@type\":\"ReadAction\",\"target\":[\"https:\/\/www.sprachschule-aktiv-wien.at\/fr\/comment-ameliorer-sa-prononciation\/\"]}]},{\"@type\":\"ImageObject\",\"inLanguage\":\"fr-FR\",\"@id\":\"https:\/\/www.sprachschule-aktiv-wien.at\/fr\/comment-ameliorer-sa-prononciation\/#primaryimage\",\"url\":\"https:\/\/www.sprachschule-aktiv-wien.at\/wp-content\/uploads\/2018\/04\/Am\u00e9liorer-sa-prononciation-2.jpg\",\"contentUrl\":\"https:\/\/www.sprachschule-aktiv-wien.at\/wp-content\/uploads\/2018\/04\/Am\u00e9liorer-sa-prononciation-2.jpg\",\"width\":397,\"height\":397,\"caption\":\"Prononciation pratiques\"},{\"@type\":\"BreadcrumbList\",\"@id\":\"https:\/\/www.sprachschule-aktiv-wien.at\/fr\/comment-ameliorer-sa-prononciation\/#breadcrumb\",\"itemListElement\":[{\"@type\":\"ListItem\",\"position\":1,\"name\":\"Home\",\"item\":\"https:\/\/www.sprachschule-aktiv-wien.at\/fr\/\"},{\"@type\":\"ListItem\",\"position\":2,\"name\":\"Comment am\u00e9liorer sa prononciation?\"}]},{\"@type\":\"WebSite\",\"@id\":\"https:\/\/www.sprachschule-aktiv-wien.at\/#website\",\"url\":\"https:\/\/www.sprachschule-aktiv-wien.at\/\",\"name\":\"Sprachschule Aktiv Wien\",\"description\":\"\",\"potentialAction\":[{\"@type\":\"SearchAction\",\"target\":{\"@type\":\"EntryPoint\",\"urlTemplate\":\"https:\/\/www.sprachschule-aktiv-wien.at\/?s={search_term_string}\"},\"query-input\":{\"@type\":\"PropertyValueSpecification\",\"valueRequired\":true,\"valueName\":\"search_term_string\"}}],\"inLanguage\":\"fr-FR\"},{\"@type\":\"Person\",\"@id\":\"https:\/\/www.sprachschule-aktiv-wien.at\/#\/schema\/person\/9b9525ae7338f5862f42703f9c3927d6\",\"name\":\"Blazena\",\"image\":{\"@type\":\"ImageObject\",\"inLanguage\":\"fr-FR\",\"@id\":\"https:\/\/www.sprachschule-aktiv-wien.at\/#\/schema\/person\/image\/\",\"url\":\"https:\/\/secure.gravatar.com\/avatar\/6d8e2d8749aa12c0bce3e0c38ae7851e2f018129ac9e9c3d33ac7bf35aecf7ef?s=96&d=mm&r=g\",\"contentUrl\":\"https:\/\/secure.gravatar.com\/avatar\/6d8e2d8749aa12c0bce3e0c38ae7851e2f018129ac9e9c3d33ac7bf35aecf7ef?s=96&d=mm&r=g\",\"caption\":\"Blazena\"}}]}<\/script>\n<!-- \/ Yoast SEO plugin. -->","yoast_head_json":{"title":"Comment am\u00e9liorer sa prononciation en langue \u00e9trang\u00e8re ?","description":"Lorsqu'on apprend une langue \u00e9trang\u00e8re la prononciation repr\u00e9sente une des difficult\u00e9s \u00e0 sumonter. Ici vous trouverez des conseils.","robots":{"index":"index","follow":"follow","max-snippet":"max-snippet:-1","max-image-preview":"max-image-preview:large","max-video-preview":"max-video-preview:-1"},"canonical":"https:\/\/www.sprachschule-aktiv-wien.at\/fr\/comment-ameliorer-sa-prononciation\/","og_locale":"fr_FR","og_type":"article","og_title":"Comment am\u00e9liorer sa prononciation en langue \u00e9trang\u00e8re ?","og_description":"Lorsqu'on apprend une langue \u00e9trang\u00e8re la prononciation repr\u00e9sente une des difficult\u00e9s \u00e0 sumonter. Ici vous trouverez des conseils.","og_url":"https:\/\/www.sprachschule-aktiv-wien.at\/fr\/comment-ameliorer-sa-prononciation\/","og_site_name":"Sprachschule Aktiv Wien","article_published_time":"2018-05-28T07:41:13+00:00","article_modified_time":"2019-05-14T14:15:31+00:00","og_image":[{"width":397,"height":397,"url":"https:\/\/www.sprachschule-aktiv-wien.at\/wp-content\/uploads\/2018\/04\/Am\u00e9liorer-sa-prononciation-2.jpg","type":"image\/jpeg"}],"author":"Blazena","twitter_misc":{"\u00c9crit par":"Blazena","Dur\u00e9e de lecture estim\u00e9e":"2 minutes"},"schema":{"@context":"https:\/\/schema.org","@graph":[{"@type":"Article","@id":"https:\/\/www.sprachschule-aktiv-wien.at\/fr\/comment-ameliorer-sa-prononciation\/#article","isPartOf":{"@id":"https:\/\/www.sprachschule-aktiv-wien.at\/fr\/comment-ameliorer-sa-prononciation\/"},"author":{"name":"Blazena","@id":"https:\/\/www.sprachschule-aktiv-wien.at\/#\/schema\/person\/9b9525ae7338f5862f42703f9c3927d6"},"headline":"Comment am\u00e9liorer sa prononciation?","datePublished":"2018-05-28T07:41:13+00:00","dateModified":"2019-05-14T14:15:31+00:00","mainEntityOfPage":{"@id":"https:\/\/www.sprachschule-aktiv-wien.at\/fr\/comment-ameliorer-sa-prononciation\/"},"wordCount":488,"commentCount":0,"image":{"@id":"https:\/\/www.sprachschule-aktiv-wien.at\/fr\/comment-ameliorer-sa-prononciation\/#primaryimage"},"thumbnailUrl":"https:\/\/www.sprachschule-aktiv-wien.at\/wp-content\/uploads\/2018\/04\/Am\u00e9liorer-sa-prononciation-2.jpg","articleSection":["Non classifi\u00e9(e)"],"inLanguage":"fr-FR"},{"@type":"WebPage","@id":"https:\/\/www.sprachschule-aktiv-wien.at\/fr\/comment-ameliorer-sa-prononciation\/","url":"https:\/\/www.sprachschule-aktiv-wien.at\/fr\/comment-ameliorer-sa-prononciation\/","name":"Comment am\u00e9liorer sa prononciation en langue \u00e9trang\u00e8re ?","isPartOf":{"@id":"https:\/\/www.sprachschule-aktiv-wien.at\/#website"},"primaryImageOfPage":{"@id":"https:\/\/www.sprachschule-aktiv-wien.at\/fr\/comment-ameliorer-sa-prononciation\/#primaryimage"},"image":{"@id":"https:\/\/www.sprachschule-aktiv-wien.at\/fr\/comment-ameliorer-sa-prononciation\/#primaryimage"},"thumbnailUrl":"https:\/\/www.sprachschule-aktiv-wien.at\/wp-content\/uploads\/2018\/04\/Am\u00e9liorer-sa-prononciation-2.jpg","datePublished":"2018-05-28T07:41:13+00:00","dateModified":"2019-05-14T14:15:31+00:00","author":{"@id":"https:\/\/www.sprachschule-aktiv-wien.at\/#\/schema\/person\/9b9525ae7338f5862f42703f9c3927d6"},"description":"Lorsqu'on apprend une langue \u00e9trang\u00e8re la prononciation repr\u00e9sente une des difficult\u00e9s \u00e0 sumonter. Ici vous trouverez des conseils.","breadcrumb":{"@id":"https:\/\/www.sprachschule-aktiv-wien.at\/fr\/comment-ameliorer-sa-prononciation\/#breadcrumb"},"inLanguage":"fr-FR","potentialAction":[{"@type":"ReadAction","target":["https:\/\/www.sprachschule-aktiv-wien.at\/fr\/comment-ameliorer-sa-prononciation\/"]}]},{"@type":"ImageObject","inLanguage":"fr-FR","@id":"https:\/\/www.sprachschule-aktiv-wien.at\/fr\/comment-ameliorer-sa-prononciation\/#primaryimage","url":"https:\/\/www.sprachschule-aktiv-wien.at\/wp-content\/uploads\/2018\/04\/Am\u00e9liorer-sa-prononciation-2.jpg","contentUrl":"https:\/\/www.sprachschule-aktiv-wien.at\/wp-content\/uploads\/2018\/04\/Am\u00e9liorer-sa-prononciation-2.jpg","width":397,"height":397,"caption":"Prononciation pratiques"},{"@type":"BreadcrumbList","@id":"https:\/\/www.sprachschule-aktiv-wien.at\/fr\/comment-ameliorer-sa-prononciation\/#breadcrumb","itemListElement":[{"@type":"ListItem","position":1,"name":"Home","item":"https:\/\/www.sprachschule-aktiv-wien.at\/fr\/"},{"@type":"ListItem","position":2,"name":"Comment am\u00e9liorer sa prononciation?"}]},{"@type":"WebSite","@id":"https:\/\/www.sprachschule-aktiv-wien.at\/#website","url":"https:\/\/www.sprachschule-aktiv-wien.at\/","name":"Sprachschule Aktiv Wien","description":"","potentialAction":[{"@type":"SearchAction","target":{"@type":"EntryPoint","urlTemplate":"https:\/\/www.sprachschule-aktiv-wien.at\/?s={search_term_string}"},"query-input":{"@type":"PropertyValueSpecification","valueRequired":true,"valueName":"search_term_string"}}],"inLanguage":"fr-FR"},{"@type":"Person","@id":"https:\/\/www.sprachschule-aktiv-wien.at\/#\/schema\/person\/9b9525ae7338f5862f42703f9c3927d6","name":"Blazena","image":{"@type":"ImageObject","inLanguage":"fr-FR","@id":"https:\/\/www.sprachschule-aktiv-wien.at\/#\/schema\/person\/image\/","url":"https:\/\/secure.gravatar.com\/avatar\/6d8e2d8749aa12c0bce3e0c38ae7851e2f018129ac9e9c3d33ac7bf35aecf7ef?s=96&d=mm&r=g","contentUrl":"https:\/\/secure.gravatar.com\/avatar\/6d8e2d8749aa12c0bce3e0c38ae7851e2f018129ac9e9c3d33ac7bf35aecf7ef?s=96&d=mm&r=g","caption":"Blazena"}}]}},"_links":{"self":[{"href":"https:\/\/www.sprachschule-aktiv-wien.at\/fr\/wp-json\/wp\/v2\/posts\/6264","targetHints":{"allow":["GET"]}}],"collection":[{"href":"https:\/\/www.sprachschule-aktiv-wien.at\/fr\/wp-json\/wp\/v2\/posts"}],"about":[{"href":"https:\/\/www.sprachschule-aktiv-wien.at\/fr\/wp-json\/wp\/v2\/types\/post"}],"author":[{"embeddable":true,"href":"https:\/\/www.sprachschule-aktiv-wien.at\/fr\/wp-json\/wp\/v2\/users\/7"}],"replies":[{"embeddable":true,"href":"https:\/\/www.sprachschule-aktiv-wien.at\/fr\/wp-json\/wp\/v2\/comments?post=6264"}],"version-history":[{"count":13,"href":"https:\/\/www.sprachschule-aktiv-wien.at\/fr\/wp-json\/wp\/v2\/posts\/6264\/revisions"}],"predecessor-version":[{"id":18799,"href":"https:\/\/www.sprachschule-aktiv-wien.at\/fr\/wp-json\/wp\/v2\/posts\/6264\/revisions\/18799"}],"wp:featuredmedia":[{"embeddable":true,"href":"https:\/\/www.sprachschule-aktiv-wien.at\/fr\/wp-json\/wp\/v2\/media\/6269"}],"wp:attachment":[{"href":"https:\/\/www.sprachschule-aktiv-wien.at\/fr\/wp-json\/wp\/v2\/media?parent=6264"}],"wp:term":[{"taxonomy":"category","embeddable":true,"href":"https:\/\/www.sprachschule-aktiv-wien.at\/fr\/wp-json\/wp\/v2\/categories?post=6264"},{"taxonomy":"post_tag","embeddable":true,"href":"https:\/\/www.sprachschule-aktiv-wien.at\/fr\/wp-json\/wp\/v2\/tags?post=6264"}],"curies":[{"name":"wp","href":"https:\/\/api.w.org\/{rel}","templated":true}]}}