{"id":5099,"date":"2017-12-02T08:17:52","date_gmt":"2017-12-02T08:17:52","guid":{"rendered":"https:\/\/www.sprachschule-aktiv-wien.at\/studieren-in-oesterreich-universitaeten-in-wien\/"},"modified":"2022-09-08T17:20:31","modified_gmt":"2022-09-08T17:20:31","slug":"etudier-en-autriche-universites-vienne","status":"publish","type":"post","link":"https:\/\/www.sprachschule-aktiv-wien.at\/fr\/etudier-en-autriche-universites-vienne\/","title":{"rendered":"Etudier en Autriche \u2013 Universit\u00e9s \u00e0 Vienne"},"content":{"rendered":"<h1>Etudier en Autriche \u2013 Universit\u00e9s \u00e0 Vienne<\/h1>\n<p>Etudier en\u00a0Autriche-Universit\u00e9s \u00e0 Vienne &#8211; \u00c9cole de langue:<\/p>\n<p>La ville de Vienne est r\u00e9put\u00e9e pour la qualit\u00e9 des enseignements dispens\u00e9s dans ses \u00e9tablissements universitaires. Elle poss\u00e8de deux grandes universit\u00e9s dont l&#8217;Universit\u00e9 de Vienne qui se trouve \u00eatre l&#8217;une des plus grandes universit\u00e9s en Europe centrale et aussi la plus ancienne dans l&#8217;espace germanophone puisqu&#8217;elle existe depuis 1365, ses \u00e9tudiants sont inscrits dans ses 15 facult\u00e9s dont entre autres la th\u00e9ologie, le droit, l&#8217;informatique, la psychologie, les sciences sociales, les sciences de traduction, etc. et plusieurs institutions situ\u00e9es dans plus de 60 sites \u00e0 Vienne. L&#8217;Universit\u00e9 Technique de Vienne appel\u00e9e aussi l&#8217;Universit\u00e9 autrichienne de Vienne, cr\u00e9\u00e9e en 1815 et compos\u00e9e de 8 d\u00e9partements dont les math\u00e9matiques et g\u00e9ophysique, la physique, la chimie, l&#8217;informatique, l&#8217;ing\u00e9nierie, l&#8217;architecture et l&#8217;urbanisme, l&#8217;ing\u00e9nierie industrielle et les sciences industrielles.<\/p>\n<p>Il existe \u00e9galement des universit\u00e9s priv\u00e9es comme l&#8217;Universit\u00e9 Webster de Vienne, l&#8217;Universit\u00e9 Modul de Vienne, l&#8217;Universit\u00e9 de TCM, la Conservatoire de Vienne et le Sigmund Freud Privat Universit\u00e4t Wien, et des \u00e9coles sup\u00e9rieures sp\u00e9cialis\u00e9es telles que l&#8217;Ecole sup\u00e9rieure sp\u00e9cialis\u00e9e de Vienne BFI, l&#8217;Ecole technique sup\u00e9rieure sp\u00e9cialis\u00e9e de Vienne, le Fh Campus Wien et le Fh Wien de WKW.<\/p>\n<p>&nbsp;<\/p>\n<img decoding=\"async\" class=\"alignnone wp-image-5109 size-full\" src=\"https:\/\/www.sprachschule-aktiv-wien.at\/wp-content\/uploads\/2017\/12\/etudier-autriche-universites-a-vienne-1.jpg\" alt=\" \u00c9tudier en Autriche- Universit\u00e9s \u00e0 Vienne\" width=\"600\" height=\"352\" srcset=\"https:\/\/www.sprachschule-aktiv-wien.at\/wp-content\/uploads\/2017\/12\/etudier-autriche-universites-a-vienne-1.jpg 600w, https:\/\/www.sprachschule-aktiv-wien.at\/wp-content\/uploads\/2017\/12\/etudier-autriche-universites-a-vienne-1-300x176.jpg 300w\" sizes=\"(max-width: 600px) 100vw, 600px\" \/>\n<h2>Les universit\u00e9s publiques pr\u00e9sentes \u00e0 Vienne<\/h2>\n<p>Si vous souhaitez venir \u00e9tudier \u00e0 Vienne, vous avez le choix entre les universit\u00e9s publiques suivantes :<\/p>\n<ul>\n<li><a href=\"https:\/\/www.univie.ac.at\/\" target=\"_blank\" rel=\"noopener\">L\u2019Universit\u00e9 de Vienne<\/a><\/li>\n<li><a href=\"https:\/\/www.tuwien.at\/\" target=\"_blank\" rel=\"noopener\">L\u2019Universit\u00e9 technique de Vienne<\/a><\/li>\n<li><a href=\"https:\/\/boku.ac.at\/\" target=\"_blank\" rel=\"noopener\">L\u2019Universit\u00e9 des sciences naturelles et sciences de la vie<\/a><\/li>\n<li><a href=\"https:\/\/www.wu.ac.at\/\" target=\"_blank\" rel=\"noopener\">L\u2019Universit\u00e9 d\u2019\u00e9conomie et adminitration des affaires de Vienne<\/a><\/li>\n<li><a href=\"https:\/\/www.meduniwien.ac.at\/web\/\" target=\"_blank\" rel=\"noopener\">L\u2019Universit\u00e9 de m\u00e9decine de Vienne<\/a><\/li>\n<li><a href=\"https:\/\/www.vetmeduni.ac.at\/\" target=\"_blank\" rel=\"noopener\">L\u2019Universit\u00e9 v\u00e9t\u00e9rinaire de Vienne<\/a><\/li>\n<li><a href=\"https:\/\/www.dieangewandte.at\/\" target=\"_blank\" rel=\"noopener\">L&#8217;Acad\u00e9mie des beaux-arts<\/a><\/li>\n<li><a href=\"https:\/\/www.dieangewandte.at\/\" target=\"_blank\" rel=\"noopener\">L\u2019Universit\u00e9 d\u2019arts appliqu\u00e9s<\/a><\/li>\n<li><a href=\"https:\/\/www.mdw.ac.at\/\" target=\"_blank\" rel=\"noopener\">L\u2019Universit\u00e9 de musique et des arts du spectacle<\/a><\/li>\n<li><a href=\"https:\/\/phwien.ac.at\/\" target=\"_blank\" rel=\"noopener\">L\u2019\u00c9cole p\u00e9dagogique de Vienne<\/a><\/li>\n<\/ul>\n<h2>Dans quelle Universit\u00e9 \u00e9tudier ?<\/h2>\n<p>L\u2019universit\u00e9 choisie d\u00e9pend\u00a0 de vos pr\u00e9f\u00e9rences. Les personnes plus timides ont plus de mal \u00e0 s\u2019int\u00e9grer dans les grandes universit\u00e9s. Il n\u2019y a pas de classes fixes mais plut\u00f4t des s\u00e9minaires dont la composition est la m\u00eame durant six mois. Il est donc plus facile de se faire des amis dans une plus petite structure.<\/p>\n<p>Avant de choisir une universit\u00e9 en particulier, renseignez-vous sur les programmes propos\u00e9s sur leurs sites web. La quantit\u00e9 de travail requise est souvent tr\u00e8s diff\u00e9rente selon le domaine, par exemple les \u00e9tudes scientifiques prennent d&#8217;avantage de temps que les sciences sociales ou l&#8217;anthropologie. Dans ces \u00e9tudes, vous pouvez diviser le travail et r\u00e9partir votre temps plus facilement.<\/p>\n<h2>Les pr\u00e9requis pour \u00e9tudier \u00e0 Vienne<\/h2>\n<p>Comme dans tous les pays, l\u2019\u00e9tudiant doit effectuer un certains nombres d\u2019examens pour pouvoir commencer ses \u00e9tudes \u00e0 Vienne. Pour les \u00e9tudiants autrichiens, ils doivent avoir pass\u00e9 le \u201cMatura\u201c, baccalaur\u00e9at autrichien. Les \u00e9tudiants \u00e9trangers doivent avoir un certificat \u00e9quivalent. De plus, il existe certains processus de s\u00e9lection selon les programmes. Si les places sont limit\u00e9es, vous devrez le plus souvent passer des tests. Vous devriez vous entrainer pour optimiser vos chances de r\u00e9ussite. La langue d\u2019enseignement \u00e0 Vienne est l\u2019allemand. Pour suivre les cours, vous devez donc avoir les comp\u00e9tences linguistiques appropri\u00e9es (TestDaF) et vous pr\u00e9parer avec un cours ad\u00e9quat.<\/p>\n<h2>Le financement des \u00e9tudes<\/h2>\n<p>Etudier dans une universit\u00e9 publique \u00e0 Vienne est gratuit. Cependant, si vous d\u00e9passez le temps d\u2019\u00e9tude pr\u00e9vu de plus de deux semestres, vous paierez des frais de scolarit\u00e9 par semestre. Le co\u00fbt de l\u2019\u00e9tude en soi-m\u00eame est faible. En revanche, le co\u00fbt de la vie est assez on\u00e9reux. A Vienne, les appartements ainsi que la vie sont chers. Chaque \u00e9tudiant a besoin de 600 \u00e0 1000 euros par mois. Sous certaines conditions, vous pouvez demander une bourse d\u2019\u00e9tude qui peut s\u2019\u00e9lever jusqu\u2019\u00e0 679 euros. Ce montant ne sera probablement pas suffisant pour couvrir tous les frais. D\u2019autres sources de financement telles que les allocations de logement et d\u2019autres bourses d\u2019\u00e9tude existent.<\/p>\n<h2>Alternative aux \u00e9tudes<\/h2>\n<p>L\u2019universit\u00e9 n\u2019est pas toujours le meilleur choix. Vous pouvez \u00e9galement\u00a0 choisir une formation pratique, moins th\u00e9orique. Il est \u00e9galement possible de se former en entreprise. Dans ce cas, vous concluez un contrat de formation en alternance avec l\u2019entreprise. Cette formation aura lieu dans l\u2019entreprise et en parall\u00e8le vous aurez des cours \u00e0 l\u2019\u00e9cole. Le contrat stipule les conditions exactes de l\u2019alternance ainsi que le montant de la r\u00e9mun\u00e9ration. Vous pouvez \u00e9galement demander une aide financi\u00e8re pour cette formation.<\/p>\n","protected":false},"excerpt":{"rendered":"<p>Etudier en Autriche \u2013 Universit\u00e9s \u00e0 Vienne Etudier en\u00a0Autriche-Universit\u00e9s \u00e0 Vienne &#8211; \u00c9cole de langue: La ville de Vienne est r\u00e9put\u00e9e pour la qualit\u00e9 des enseignements dispens\u00e9s dans ses \u00e9tablissements universitaires. Elle poss\u00e8de deux grandes universit\u00e9s dont l&#8217;Universit\u00e9 de Vienne qui se trouve \u00eatre l&#8217;une des plus grandes universit\u00e9s en Europe centrale et aussi la [&hellip;]<\/p>\n","protected":false},"author":6,"featured_media":5104,"comment_status":"closed","ping_status":"closed","sticky":false,"template":"","format":"standard","meta":{"footnotes":""},"categories":[41],"tags":[],"class_list":["post-5099","post","type-post","status-publish","format-standard","has-post-thumbnail","hentry","category-non-classifiee"],"yoast_head":"<!-- This site is optimized with the Yoast SEO plugin v27.1.1 - https:\/\/yoast.com\/product\/yoast-seo-wordpress\/ -->\n<title>Etudier en Autriche- Universit\u00e9s \u00e0 Vienne - \u00c9cole de langue<\/title>\n<meta name=\"description\" content=\"A Vienne il y a non seulement le Prater et la cath\u00e9drale Saint-Etienne, mais \u00e9galement un grand nombre d\u2019universit\u00e9s. \u00c9cole da langue.\" \/>\n<meta name=\"robots\" content=\"index, follow, max-snippet:-1, max-image-preview:large, max-video-preview:-1\" \/>\n<link rel=\"canonical\" href=\"https:\/\/www.sprachschule-aktiv-wien.at\/fr\/etudier-en-autriche-universites-vienne\/\" \/>\n<meta property=\"og:locale\" content=\"fr_FR\" \/>\n<meta property=\"og:type\" content=\"article\" \/>\n<meta property=\"og:title\" content=\"Etudier en Autriche- Universit\u00e9s \u00e0 Vienne - \u00c9cole de langue\" \/>\n<meta property=\"og:description\" content=\"A Vienne il y a non seulement le Prater et la cath\u00e9drale Saint-Etienne, mais \u00e9galement un grand nombre d\u2019universit\u00e9s. \u00c9cole da langue.\" \/>\n<meta property=\"og:url\" content=\"https:\/\/www.sprachschule-aktiv-wien.at\/fr\/etudier-en-autriche-universites-vienne\/\" \/>\n<meta property=\"og:site_name\" content=\"Sprachschule Aktiv Wien\" \/>\n<meta property=\"article:published_time\" content=\"2017-12-02T08:17:52+00:00\" \/>\n<meta property=\"article:modified_time\" content=\"2022-09-08T17:20:31+00:00\" \/>\n<meta property=\"og:image\" content=\"https:\/\/www.sprachschule-aktiv-wien.at\/wp-content\/uploads\/2017\/12\/etudier-autriche-universites-a-vienne.jpg\" \/>\n\t<meta property=\"og:image:width\" content=\"800\" \/>\n\t<meta property=\"og:image:height\" content=\"533\" \/>\n\t<meta property=\"og:image:type\" content=\"image\/jpeg\" \/>\n<meta name=\"author\" content=\"Martin Polo\" \/>\n<meta name=\"twitter:label1\" content=\"\u00c9crit par\" \/>\n\t<meta name=\"twitter:data1\" content=\"Martin Polo\" \/>\n\t<meta name=\"twitter:label2\" content=\"Dur\u00e9e de lecture estim\u00e9e\" \/>\n\t<meta name=\"twitter:data2\" content=\"5 minutes\" \/>\n<script type=\"application\/ld+json\" class=\"yoast-schema-graph\">{\"@context\":\"https:\/\/schema.org\",\"@graph\":[{\"@type\":\"Article\",\"@id\":\"https:\/\/www.sprachschule-aktiv-wien.at\/fr\/etudier-en-autriche-universites-vienne\/#article\",\"isPartOf\":{\"@id\":\"https:\/\/www.sprachschule-aktiv-wien.at\/fr\/etudier-en-autriche-universites-vienne\/\"},\"author\":{\"name\":\"Martin Polo\",\"@id\":\"https:\/\/www.sprachschule-aktiv-wien.at\/#\/schema\/person\/1e1f76ab9a5e6722158b5acb074d1ec4\"},\"headline\":\"Etudier en Autriche \u2013 Universit\u00e9s \u00e0 Vienne\",\"datePublished\":\"2017-12-02T08:17:52+00:00\",\"dateModified\":\"2022-09-08T17:20:31+00:00\",\"mainEntityOfPage\":{\"@id\":\"https:\/\/www.sprachschule-aktiv-wien.at\/fr\/etudier-en-autriche-universites-vienne\/\"},\"wordCount\":798,\"image\":{\"@id\":\"https:\/\/www.sprachschule-aktiv-wien.at\/fr\/etudier-en-autriche-universites-vienne\/#primaryimage\"},\"thumbnailUrl\":\"https:\/\/www.sprachschule-aktiv-wien.at\/wp-content\/uploads\/2017\/12\/etudier-autriche-universites-a-vienne.jpg\",\"articleSection\":[\"Non classifi\u00e9(e)\"],\"inLanguage\":\"fr-FR\"},{\"@type\":\"WebPage\",\"@id\":\"https:\/\/www.sprachschule-aktiv-wien.at\/fr\/etudier-en-autriche-universites-vienne\/\",\"url\":\"https:\/\/www.sprachschule-aktiv-wien.at\/fr\/etudier-en-autriche-universites-vienne\/\",\"name\":\"Etudier en Autriche- Universit\u00e9s \u00e0 Vienne - \u00c9cole de langue\",\"isPartOf\":{\"@id\":\"https:\/\/www.sprachschule-aktiv-wien.at\/#website\"},\"primaryImageOfPage\":{\"@id\":\"https:\/\/www.sprachschule-aktiv-wien.at\/fr\/etudier-en-autriche-universites-vienne\/#primaryimage\"},\"image\":{\"@id\":\"https:\/\/www.sprachschule-aktiv-wien.at\/fr\/etudier-en-autriche-universites-vienne\/#primaryimage\"},\"thumbnailUrl\":\"https:\/\/www.sprachschule-aktiv-wien.at\/wp-content\/uploads\/2017\/12\/etudier-autriche-universites-a-vienne.jpg\",\"datePublished\":\"2017-12-02T08:17:52+00:00\",\"dateModified\":\"2022-09-08T17:20:31+00:00\",\"author\":{\"@id\":\"https:\/\/www.sprachschule-aktiv-wien.at\/#\/schema\/person\/1e1f76ab9a5e6722158b5acb074d1ec4\"},\"description\":\"A Vienne il y a non seulement le Prater et la cath\u00e9drale Saint-Etienne, mais \u00e9galement un grand nombre d\u2019universit\u00e9s. \u00c9cole da langue.\",\"breadcrumb\":{\"@id\":\"https:\/\/www.sprachschule-aktiv-wien.at\/fr\/etudier-en-autriche-universites-vienne\/#breadcrumb\"},\"inLanguage\":\"fr-FR\",\"potentialAction\":[{\"@type\":\"ReadAction\",\"target\":[\"https:\/\/www.sprachschule-aktiv-wien.at\/fr\/etudier-en-autriche-universites-vienne\/\"]}]},{\"@type\":\"ImageObject\",\"inLanguage\":\"fr-FR\",\"@id\":\"https:\/\/www.sprachschule-aktiv-wien.at\/fr\/etudier-en-autriche-universites-vienne\/#primaryimage\",\"url\":\"https:\/\/www.sprachschule-aktiv-wien.at\/wp-content\/uploads\/2017\/12\/etudier-autriche-universites-a-vienne.jpg\",\"contentUrl\":\"https:\/\/www.sprachschule-aktiv-wien.at\/wp-content\/uploads\/2017\/12\/etudier-autriche-universites-a-vienne.jpg\",\"width\":800,\"height\":533,\"caption\":\"Etudier en Autriche- Universit\u00e9s \u00e0 Vienne\"},{\"@type\":\"BreadcrumbList\",\"@id\":\"https:\/\/www.sprachschule-aktiv-wien.at\/fr\/etudier-en-autriche-universites-vienne\/#breadcrumb\",\"itemListElement\":[{\"@type\":\"ListItem\",\"position\":1,\"name\":\"Home\",\"item\":\"https:\/\/www.sprachschule-aktiv-wien.at\/fr\/\"},{\"@type\":\"ListItem\",\"position\":2,\"name\":\"Etudier en Autriche \u2013 Universit\u00e9s \u00e0 Vienne\"}]},{\"@type\":\"WebSite\",\"@id\":\"https:\/\/www.sprachschule-aktiv-wien.at\/#website\",\"url\":\"https:\/\/www.sprachschule-aktiv-wien.at\/\",\"name\":\"Sprachschule Aktiv Wien\",\"description\":\"\",\"potentialAction\":[{\"@type\":\"SearchAction\",\"target\":{\"@type\":\"EntryPoint\",\"urlTemplate\":\"https:\/\/www.sprachschule-aktiv-wien.at\/?s={search_term_string}\"},\"query-input\":{\"@type\":\"PropertyValueSpecification\",\"valueRequired\":true,\"valueName\":\"search_term_string\"}}],\"inLanguage\":\"fr-FR\"},{\"@type\":\"Person\",\"@id\":\"https:\/\/www.sprachschule-aktiv-wien.at\/#\/schema\/person\/1e1f76ab9a5e6722158b5acb074d1ec4\",\"name\":\"Martin Polo\",\"image\":{\"@type\":\"ImageObject\",\"inLanguage\":\"fr-FR\",\"@id\":\"https:\/\/www.sprachschule-aktiv-wien.at\/#\/schema\/person\/image\/\",\"url\":\"https:\/\/secure.gravatar.com\/avatar\/2cbe6176b6be8b122284c50d9e7a11af9502529eae284fd73534defd313e4152?s=96&d=mm&r=g\",\"contentUrl\":\"https:\/\/secure.gravatar.com\/avatar\/2cbe6176b6be8b122284c50d9e7a11af9502529eae284fd73534defd313e4152?s=96&d=mm&r=g\",\"caption\":\"Martin Polo\"}}]}<\/script>\n<!-- \/ Yoast SEO plugin. -->","yoast_head_json":{"title":"Etudier en Autriche- Universit\u00e9s \u00e0 Vienne - \u00c9cole de langue","description":"A Vienne il y a non seulement le Prater et la cath\u00e9drale Saint-Etienne, mais \u00e9galement un grand nombre d\u2019universit\u00e9s. \u00c9cole da langue.","robots":{"index":"index","follow":"follow","max-snippet":"max-snippet:-1","max-image-preview":"max-image-preview:large","max-video-preview":"max-video-preview:-1"},"canonical":"https:\/\/www.sprachschule-aktiv-wien.at\/fr\/etudier-en-autriche-universites-vienne\/","og_locale":"fr_FR","og_type":"article","og_title":"Etudier en Autriche- Universit\u00e9s \u00e0 Vienne - \u00c9cole de langue","og_description":"A Vienne il y a non seulement le Prater et la cath\u00e9drale Saint-Etienne, mais \u00e9galement un grand nombre d\u2019universit\u00e9s. \u00c9cole da langue.","og_url":"https:\/\/www.sprachschule-aktiv-wien.at\/fr\/etudier-en-autriche-universites-vienne\/","og_site_name":"Sprachschule Aktiv Wien","article_published_time":"2017-12-02T08:17:52+00:00","article_modified_time":"2022-09-08T17:20:31+00:00","og_image":[{"width":800,"height":533,"url":"https:\/\/www.sprachschule-aktiv-wien.at\/wp-content\/uploads\/2017\/12\/etudier-autriche-universites-a-vienne.jpg","type":"image\/jpeg"}],"author":"Martin Polo","twitter_misc":{"\u00c9crit par":"Martin Polo","Dur\u00e9e de lecture estim\u00e9e":"5 minutes"},"schema":{"@context":"https:\/\/schema.org","@graph":[{"@type":"Article","@id":"https:\/\/www.sprachschule-aktiv-wien.at\/fr\/etudier-en-autriche-universites-vienne\/#article","isPartOf":{"@id":"https:\/\/www.sprachschule-aktiv-wien.at\/fr\/etudier-en-autriche-universites-vienne\/"},"author":{"name":"Martin Polo","@id":"https:\/\/www.sprachschule-aktiv-wien.at\/#\/schema\/person\/1e1f76ab9a5e6722158b5acb074d1ec4"},"headline":"Etudier en Autriche \u2013 Universit\u00e9s \u00e0 Vienne","datePublished":"2017-12-02T08:17:52+00:00","dateModified":"2022-09-08T17:20:31+00:00","mainEntityOfPage":{"@id":"https:\/\/www.sprachschule-aktiv-wien.at\/fr\/etudier-en-autriche-universites-vienne\/"},"wordCount":798,"image":{"@id":"https:\/\/www.sprachschule-aktiv-wien.at\/fr\/etudier-en-autriche-universites-vienne\/#primaryimage"},"thumbnailUrl":"https:\/\/www.sprachschule-aktiv-wien.at\/wp-content\/uploads\/2017\/12\/etudier-autriche-universites-a-vienne.jpg","articleSection":["Non classifi\u00e9(e)"],"inLanguage":"fr-FR"},{"@type":"WebPage","@id":"https:\/\/www.sprachschule-aktiv-wien.at\/fr\/etudier-en-autriche-universites-vienne\/","url":"https:\/\/www.sprachschule-aktiv-wien.at\/fr\/etudier-en-autriche-universites-vienne\/","name":"Etudier en Autriche- Universit\u00e9s \u00e0 Vienne - \u00c9cole de langue","isPartOf":{"@id":"https:\/\/www.sprachschule-aktiv-wien.at\/#website"},"primaryImageOfPage":{"@id":"https:\/\/www.sprachschule-aktiv-wien.at\/fr\/etudier-en-autriche-universites-vienne\/#primaryimage"},"image":{"@id":"https:\/\/www.sprachschule-aktiv-wien.at\/fr\/etudier-en-autriche-universites-vienne\/#primaryimage"},"thumbnailUrl":"https:\/\/www.sprachschule-aktiv-wien.at\/wp-content\/uploads\/2017\/12\/etudier-autriche-universites-a-vienne.jpg","datePublished":"2017-12-02T08:17:52+00:00","dateModified":"2022-09-08T17:20:31+00:00","author":{"@id":"https:\/\/www.sprachschule-aktiv-wien.at\/#\/schema\/person\/1e1f76ab9a5e6722158b5acb074d1ec4"},"description":"A Vienne il y a non seulement le Prater et la cath\u00e9drale Saint-Etienne, mais \u00e9galement un grand nombre d\u2019universit\u00e9s. \u00c9cole da langue.","breadcrumb":{"@id":"https:\/\/www.sprachschule-aktiv-wien.at\/fr\/etudier-en-autriche-universites-vienne\/#breadcrumb"},"inLanguage":"fr-FR","potentialAction":[{"@type":"ReadAction","target":["https:\/\/www.sprachschule-aktiv-wien.at\/fr\/etudier-en-autriche-universites-vienne\/"]}]},{"@type":"ImageObject","inLanguage":"fr-FR","@id":"https:\/\/www.sprachschule-aktiv-wien.at\/fr\/etudier-en-autriche-universites-vienne\/#primaryimage","url":"https:\/\/www.sprachschule-aktiv-wien.at\/wp-content\/uploads\/2017\/12\/etudier-autriche-universites-a-vienne.jpg","contentUrl":"https:\/\/www.sprachschule-aktiv-wien.at\/wp-content\/uploads\/2017\/12\/etudier-autriche-universites-a-vienne.jpg","width":800,"height":533,"caption":"Etudier en Autriche- Universit\u00e9s \u00e0 Vienne"},{"@type":"BreadcrumbList","@id":"https:\/\/www.sprachschule-aktiv-wien.at\/fr\/etudier-en-autriche-universites-vienne\/#breadcrumb","itemListElement":[{"@type":"ListItem","position":1,"name":"Home","item":"https:\/\/www.sprachschule-aktiv-wien.at\/fr\/"},{"@type":"ListItem","position":2,"name":"Etudier en Autriche \u2013 Universit\u00e9s \u00e0 Vienne"}]},{"@type":"WebSite","@id":"https:\/\/www.sprachschule-aktiv-wien.at\/#website","url":"https:\/\/www.sprachschule-aktiv-wien.at\/","name":"Sprachschule Aktiv Wien","description":"","potentialAction":[{"@type":"SearchAction","target":{"@type":"EntryPoint","urlTemplate":"https:\/\/www.sprachschule-aktiv-wien.at\/?s={search_term_string}"},"query-input":{"@type":"PropertyValueSpecification","valueRequired":true,"valueName":"search_term_string"}}],"inLanguage":"fr-FR"},{"@type":"Person","@id":"https:\/\/www.sprachschule-aktiv-wien.at\/#\/schema\/person\/1e1f76ab9a5e6722158b5acb074d1ec4","name":"Martin Polo","image":{"@type":"ImageObject","inLanguage":"fr-FR","@id":"https:\/\/www.sprachschule-aktiv-wien.at\/#\/schema\/person\/image\/","url":"https:\/\/secure.gravatar.com\/avatar\/2cbe6176b6be8b122284c50d9e7a11af9502529eae284fd73534defd313e4152?s=96&d=mm&r=g","contentUrl":"https:\/\/secure.gravatar.com\/avatar\/2cbe6176b6be8b122284c50d9e7a11af9502529eae284fd73534defd313e4152?s=96&d=mm&r=g","caption":"Martin Polo"}}]}},"_links":{"self":[{"href":"https:\/\/www.sprachschule-aktiv-wien.at\/fr\/wp-json\/wp\/v2\/posts\/5099","targetHints":{"allow":["GET"]}}],"collection":[{"href":"https:\/\/www.sprachschule-aktiv-wien.at\/fr\/wp-json\/wp\/v2\/posts"}],"about":[{"href":"https:\/\/www.sprachschule-aktiv-wien.at\/fr\/wp-json\/wp\/v2\/types\/post"}],"author":[{"embeddable":true,"href":"https:\/\/www.sprachschule-aktiv-wien.at\/fr\/wp-json\/wp\/v2\/users\/6"}],"replies":[{"embeddable":true,"href":"https:\/\/www.sprachschule-aktiv-wien.at\/fr\/wp-json\/wp\/v2\/comments?post=5099"}],"version-history":[{"count":16,"href":"https:\/\/www.sprachschule-aktiv-wien.at\/fr\/wp-json\/wp\/v2\/posts\/5099\/revisions"}],"predecessor-version":[{"id":38688,"href":"https:\/\/www.sprachschule-aktiv-wien.at\/fr\/wp-json\/wp\/v2\/posts\/5099\/revisions\/38688"}],"wp:featuredmedia":[{"embeddable":true,"href":"https:\/\/www.sprachschule-aktiv-wien.at\/fr\/wp-json\/wp\/v2\/media\/5104"}],"wp:attachment":[{"href":"https:\/\/www.sprachschule-aktiv-wien.at\/fr\/wp-json\/wp\/v2\/media?parent=5099"}],"wp:term":[{"taxonomy":"category","embeddable":true,"href":"https:\/\/www.sprachschule-aktiv-wien.at\/fr\/wp-json\/wp\/v2\/categories?post=5099"},{"taxonomy":"post_tag","embeddable":true,"href":"https:\/\/www.sprachschule-aktiv-wien.at\/fr\/wp-json\/wp\/v2\/tags?post=5099"}],"curies":[{"name":"wp","href":"https:\/\/api.w.org\/{rel}","templated":true}]}}